{"id":10705,"date":"2019-11-22T19:49:03","date_gmt":"2019-11-22T18:49:03","guid":{"rendered":"http:\/\/ostrowska.tv\/?p=10705"},"modified":"2019-11-22T19:49:03","modified_gmt":"2019-11-22T18:49:03","slug":"wycieto-drzewa-wzdluz-strugi-ostrowskiej","status":"publish","type":"post","link":"https:\/\/ostrowskatv.pl\/?p=10705","title":{"rendered":"Wyci\u0119to drzewa wzd\u0142u\u017c strugi ostrowskiej"},"content":{"rendered":"<p><strong>W ostatnich dniach usuni\u0119to szereg drzew rosn\u0105cych wzd\u0142u\u017c Strugi Ostrowskiej, kt\u00f3ra wychodzi z podziemnych ruroci\u0105g\u00f3w przy ulicy Reymonta, tu\u017c przy zak\u0142adzie Sklejka-Eko. Wycinka zwi\u0105zana jest z pracami zwi\u0105zanymi z budow\u0105 zbiornika retencyjnego przy ul. Torowej, do kt\u00f3rego trafi cz\u0119\u015b\u0107 wody ze strugi.<\/strong><\/p>\n<p>Jak si\u0119 dowiedzieli\u015bmy, wielkie topole i ich system korzeniowy, mia\u0142 niszczy\u0107 koryto strugi. Po wyci\u0119ciu drzew, zostanie przeprowadzona renowacja koryta. Dodatkowo za osiedlem &#8222;Morena&#8221; zostanie wybudowana odnoga, kt\u00f3r\u0105 cz\u0119\u015b\u0107 wody pop\u0142ynie do zbiornika retencyjnego. Ta cz\u0119\u015b\u0107 b\u0119dzie bieg\u0142a ruroci\u0105giem.<\/p>\n<p>Inwestycja jest realizowana zgodnie z wytycznymi Regionalnej Dyrekcji Ochrony \u015arodowiska. W miejsce wyci\u0119tych top\u00f3l zostan\u0105 posadzone specjalne drzewa, podobne do drzew iglastych i tui. Cz\u0119\u015b\u0107 os\u00f3b uwa\u017ca, \u017ce dotychczasowa ziele\u0144 stanowi\u0142a ochron\u0119 przed py\u0142em i ha\u0142asem dobiegaj\u0105cymi z zak\u0142adu Sklejka-Eko.<\/p>\n<div id='gallery-1' class='gallery galleryid-10705 gallery-columns-3 gallery-size-thumbnail'><figure class='gallery-item'>\n\t\t\t<div class='gallery-icon landscape'>\n\t\t\t\t<a href='https:\/\/ostrowskatv.pl\/?attachment_id=10706'><img loading=\"lazy\" decoding=\"async\" width=\"150\" height=\"150\" src=\"https:\/\/ostrowskatv.pl\/wp-content\/uploads\/2019\/11\/struga_drzewa01-150x150.jpg\" class=\"attachment-thumbnail size-thumbnail\" alt=\"\" \/><\/a>\n\t\t\t<\/div><\/figure><figure class='gallery-item'>\n\t\t\t<div class='gallery-icon landscape'>\n\t\t\t\t<a href='https:\/\/ostrowskatv.pl\/?attachment_id=10707'><img loading=\"lazy\" decoding=\"async\" width=\"150\" height=\"150\" src=\"https:\/\/ostrowskatv.pl\/wp-content\/uploads\/2019\/11\/struga_drzewa02-150x150.jpg\" class=\"attachment-thumbnail size-thumbnail\" alt=\"\" \/><\/a>\n\t\t\t<\/div><\/figure><figure class='gallery-item'>\n\t\t\t<div class='gallery-icon landscape'>\n\t\t\t\t<a href='https:\/\/ostrowskatv.pl\/?attachment_id=10708'><img loading=\"lazy\" decoding=\"async\" width=\"150\" height=\"150\" src=\"https:\/\/ostrowskatv.pl\/wp-content\/uploads\/2019\/11\/sklejki-150x150.jpg\" class=\"attachment-thumbnail size-thumbnail\" alt=\"\" \/><\/a>\n\t\t\t<\/div><\/figure>\n\t\t<\/div>\n\n","protected":false},"excerpt":{"rendered":"W ostatnich dniach usuni\u0119to szereg drzew rosn\u0105cych wzd\u0142u\u017c Strugi Ostrowskiej, kt\u00f3ra wychodzi z podziemnych ruroci\u0105g\u00f3w przy ulicy Reymonta, tu\u017c przy zak\u0142adzie Sklejka-Eko. Wycinka \n<a class=\"moretag\" href=\"https:\/\/ostrowskatv.pl\/?p=10705\"> [...]<\/a>","protected":false},"author":1,"featured_media":10708,"comment_status":"open","ping_status":"closed","sticky":false,"template":"","format":"standard","meta":{"footnotes":""},"categories":[1],"tags":[2],"class_list":["post-10705","post","type-post","status-publish","format-standard","has-post-thumbnail","hentry","category-news","tag-ostrow-wielkopolski"],"_links":{"self":[{"href":"https:\/\/ostrowskatv.pl\/index.php?rest_route=\/wp\/v2\/posts\/10705","targetHints":{"allow":["GET"]}}],"collection":[{"href":"https:\/\/ostrowskatv.pl\/index.php?rest_route=\/wp\/v2\/posts"}],"about":[{"href":"https:\/\/ostrowskatv.pl\/index.php?rest_route=\/wp\/v2\/types\/post"}],"author":[{"embeddable":true,"href":"https:\/\/ostrowskatv.pl\/index.php?rest_route=\/wp\/v2\/users\/1"}],"replies":[{"embeddable":true,"href":"https:\/\/ostrowskatv.pl\/index.php?rest_route=%2Fwp%2Fv2%2Fcomments&post=10705"}],"version-history":[{"count":0,"href":"https:\/\/ostrowskatv.pl\/index.php?rest_route=\/wp\/v2\/posts\/10705\/revisions"}],"wp:featuredmedia":[{"embeddable":true,"href":"https:\/\/ostrowskatv.pl\/index.php?rest_route=\/wp\/v2\/media\/10708"}],"wp:attachment":[{"href":"https:\/\/ostrowskatv.pl\/index.php?rest_route=%2Fwp%2Fv2%2Fmedia&parent=10705"}],"wp:term":[{"taxonomy":"category","embeddable":true,"href":"https:\/\/ostrowskatv.pl\/index.php?rest_route=%2Fwp%2Fv2%2Fcategories&post=10705"},{"taxonomy":"post_tag","embeddable":true,"href":"https:\/\/ostrowskatv.pl\/index.php?rest_route=%2Fwp%2Fv2%2Ftags&post=10705"}],"curies":[{"name":"wp","href":"https:\/\/api.w.org\/{rel}","templated":true}]}}