{"id":10701,"date":"2019-11-22T18:51:57","date_gmt":"2019-11-22T17:51:57","guid":{"rendered":"http:\/\/ostrowska.tv\/?p=10701"},"modified":"2019-11-22T18:51:57","modified_gmt":"2019-11-22T17:51:57","slug":"wybuch-gazu-dom-sie-zawalil","status":"publish","type":"post","link":"https:\/\/ostrowskatv.pl\/?p=10701","title":{"rendered":"Wybuch gazu &#8211; dom si\u0119 zawali\u0142"},"content":{"rendered":"<p><strong>Parterowy budynek jednorodzinny zawali\u0142 si\u0119 po wybuchu gazu z butli. W \u015brodku znajdowa\u0142 si\u0119 48-letni m\u0119\u017cczyzna. Do zdarzenia dosz\u0142o po godzinie 15.30 w Kaliszu. Poszkodowany opu\u015bci\u0142 budynek o w\u0142asnych si\u0142ach i mo\u017ce m\u00f3wi\u0107 o du\u017cym szcz\u0119\u015bciu. Odni\u00f3s\u0142 tylko oparzenia pierwszego stopnia r\u0105k i cz\u0119\u015bci twarzy. <\/strong><\/p>\n<p>Na posesji przebywa\u0142a r\u00f3wnie\u017c 9-letnia c\u00f3rka. Na szcz\u0119\u015bcie nie odnios\u0142a obra\u017ce\u0144, cho\u0107 od\u0142amki polecia\u0142y na kilkadziesi\u0105t metr\u00f3w. Poszkodowanego m\u0119\u017cczyzn\u0119 zabrano do szpitala. Podj\u0119to decyzj\u0119 o rozbi\u00f3rce budynku, co nast\u0105pi\u0142o w kr\u00f3tkim czasie. W tym celu wykorzystano kopark\u0119. Powodem wybuchu by\u0142o rozszczelnienie si\u0119 butli gazowej.<\/p>\n<div id='gallery-1' class='gallery galleryid-10701 gallery-columns-3 gallery-size-thumbnail'><figure class='gallery-item'>\n\t\t\t<div class='gallery-icon landscape'>\n\t\t\t\t<a href='https:\/\/ostrowskatv.pl\/?attachment_id=10700'><img loading=\"lazy\" decoding=\"async\" width=\"150\" height=\"150\" src=\"https:\/\/ostrowskatv.pl\/wp-content\/uploads\/2019\/11\/IMG_20191122_163315-01-150x150.jpeg\" class=\"attachment-thumbnail size-thumbnail\" alt=\"\" \/><\/a>\n\t\t\t<\/div><\/figure><figure class='gallery-item'>\n\t\t\t<div class='gallery-icon landscape'>\n\t\t\t\t<a href='https:\/\/ostrowskatv.pl\/?attachment_id=10699'><img loading=\"lazy\" decoding=\"async\" width=\"150\" height=\"150\" src=\"https:\/\/ostrowskatv.pl\/wp-content\/uploads\/2019\/11\/IMG_20191122_163325-01-150x150.jpeg\" class=\"attachment-thumbnail size-thumbnail\" alt=\"\" \/><\/a>\n\t\t\t<\/div><\/figure><figure class='gallery-item'>\n\t\t\t<div class='gallery-icon landscape'>\n\t\t\t\t<a href='https:\/\/ostrowskatv.pl\/?attachment_id=10698'><img loading=\"lazy\" decoding=\"async\" width=\"150\" height=\"150\" src=\"https:\/\/ostrowskatv.pl\/wp-content\/uploads\/2019\/11\/IMG_20191122_163330-01-150x150.jpeg\" class=\"attachment-thumbnail size-thumbnail\" alt=\"\" \/><\/a>\n\t\t\t<\/div><\/figure>\n\t\t<\/div>\n\n","protected":false},"excerpt":{"rendered":"Parterowy budynek jednorodzinny zawali\u0142 si\u0119 po wybuchu gazu z butli. W \u015brodku znajdowa\u0142 si\u0119 48-letni m\u0119\u017cczyzna. Do zdarzenia dosz\u0142o po godzinie 15.30 w \n<a class=\"moretag\" href=\"https:\/\/ostrowskatv.pl\/?p=10701\"> [...]<\/a>","protected":false},"author":1,"featured_media":10699,"comment_status":"open","ping_status":"closed","sticky":false,"template":"","format":"standard","meta":{"footnotes":""},"categories":[1],"tags":[80],"class_list":["post-10701","post","type-post","status-publish","format-standard","has-post-thumbnail","hentry","category-news","tag-kalisz"],"_links":{"self":[{"href":"https:\/\/ostrowskatv.pl\/index.php?rest_route=\/wp\/v2\/posts\/10701","targetHints":{"allow":["GET"]}}],"collection":[{"href":"https:\/\/ostrowskatv.pl\/index.php?rest_route=\/wp\/v2\/posts"}],"about":[{"href":"https:\/\/ostrowskatv.pl\/index.php?rest_route=\/wp\/v2\/types\/post"}],"author":[{"embeddable":true,"href":"https:\/\/ostrowskatv.pl\/index.php?rest_route=\/wp\/v2\/users\/1"}],"replies":[{"embeddable":true,"href":"https:\/\/ostrowskatv.pl\/index.php?rest_route=%2Fwp%2Fv2%2Fcomments&post=10701"}],"version-history":[{"count":0,"href":"https:\/\/ostrowskatv.pl\/index.php?rest_route=\/wp\/v2\/posts\/10701\/revisions"}],"wp:featuredmedia":[{"embeddable":true,"href":"https:\/\/ostrowskatv.pl\/index.php?rest_route=\/wp\/v2\/media\/10699"}],"wp:attachment":[{"href":"https:\/\/ostrowskatv.pl\/index.php?rest_route=%2Fwp%2Fv2%2Fmedia&parent=10701"}],"wp:term":[{"taxonomy":"category","embeddable":true,"href":"https:\/\/ostrowskatv.pl\/index.php?rest_route=%2Fwp%2Fv2%2Fcategories&post=10701"},{"taxonomy":"post_tag","embeddable":true,"href":"https:\/\/ostrowskatv.pl\/index.php?rest_route=%2Fwp%2Fv2%2Ftags&post=10701"}],"curies":[{"name":"wp","href":"https:\/\/api.w.org\/{rel}","templated":true}]}}