{"id":10693,"date":"2019-11-19T09:59:51","date_gmt":"2019-11-19T08:59:51","guid":{"rendered":"http:\/\/ostrowska.tv\/?p=10693"},"modified":"2019-11-19T10:06:49","modified_gmt":"2019-11-19T09:06:49","slug":"big-cyc-nagral-piosenke-o-smogu","status":"publish","type":"post","link":"https:\/\/ostrowskatv.pl\/?p=10693","title":{"rendered":"Big Cyc nagra\u0142 piosenk\u0119 o smogu"},"content":{"rendered":"<p><strong>Big Cyc zosta\u0142 twarz\u0105 og\u00f3lnopolskiej akcji antysmogowej &#8222;Wi\u0119cej tlenu&#8221;, maj\u0105cej\u00a0 na celu skuteczn\u0105 walk\u0119 o czyste powietrze. Zesp\u00f3\u0142\u00a0 zawi\u015bnie na bilboardach, pojawi si\u0119 r\u00f3wnie\u017c w folderach i w kalendarzach promuj\u0105cych potrzeb\u0119 walki ze szkodliwymi dymami i py\u0142ami.<\/strong><\/p>\n<p>Big Cyc specjalnie na t\u0119 okazj\u0119 nagra\u0142\u00a0 eko teledysk &#8222;Wiecej tlenu&#8221;, kt\u00f3ry b\u0119dzie towarzyszy\u0142 przedsi\u0119wzi\u0119ciu.<\/p>\n<p>&#8222;Kampania &#8222;Wi\u0119cej tlenu&#8221;, to nasz apel do mieszka\u0144c\u00f3w ziemi . Przesta\u0144my pali\u0107 w piecach<\/p>\n<p>w\u0119glem mialem i \u015bmieciami. Zatruwamy siebie i najbli\u017cszych, bezmy\u015blnie skracaj\u0105c d\u0142ugo\u015b\u0107 swojego \u017cycia. Lepiej oddycha\u0107 czystym powietrzem.&#8221;-podkre\u015blaj\u0105 muzycy zespo\u0142u.<\/p>\n<p>Premiera teledysku odb\u0119dzie si\u0119 w czasie fina\u0142u 13 konkursu ekologicznego &#8222;Segregacja odpadk\u00f3w zmienia\u00a0 Ostr\u00f3w&#8221;, we wtorek 19 listopada o 10,w ostrowskim OCK.<\/p>\n<p>Partnerami projektu s\u0105 miasto Ostr\u00f3w Wlkp i MZO Ostr\u00f3w.<\/p>\n<audio class=\"wp-audio-shortcode\" id=\"audio-10693-1\" preload=\"none\" style=\"width: 100%;\" controls=\"controls\"><source type=\"audio\/mpeg\" src=\"http:\/\/ostrowska.tv\/wp-content\/uploads\/2019\/11\/Big-Cyc-Wiecej-tlenu.mp3?_=1\" \/><a href=\"http:\/\/ostrowska.tv\/wp-content\/uploads\/2019\/11\/Big-Cyc-Wiecej-tlenu.mp3\">http:\/\/ostrowska.tv\/wp-content\/uploads\/2019\/11\/Big-Cyc-Wiecej-tlenu.mp3<\/a><\/audio>\n<p><iframe loading=\"lazy\" width=\"350\" height=\"315\" src=\"https:\/\/www.youtube.com\/embed\/C5INdmATpto?controls=0\" frameborder=\"0\" allow=\"accelerometer; autoplay; encrypted-media; gyroscope; picture-in-picture\" allowfullscreen><\/iframe><\/p>\n","protected":false},"excerpt":{"rendered":"Big Cyc zosta\u0142 twarz\u0105 og\u00f3lnopolskiej akcji antysmogowej &#8222;Wi\u0119cej tlenu&#8221;, maj\u0105cej\u00a0 na celu skuteczn\u0105 walk\u0119 o czyste powietrze. Zesp\u00f3\u0142\u00a0 zawi\u015bnie na bilboardach, pojawi si\u0119 \n<a class=\"moretag\" href=\"https:\/\/ostrowskatv.pl\/?p=10693\"> [...]<\/a>","protected":false},"author":1,"featured_media":10695,"comment_status":"open","ping_status":"closed","sticky":false,"template":"","format":"standard","meta":{"footnotes":""},"categories":[1],"tags":[2],"class_list":["post-10693","post","type-post","status-publish","format-standard","has-post-thumbnail","hentry","category-news","tag-ostrow-wielkopolski"],"_links":{"self":[{"href":"https:\/\/ostrowskatv.pl\/index.php?rest_route=\/wp\/v2\/posts\/10693","targetHints":{"allow":["GET"]}}],"collection":[{"href":"https:\/\/ostrowskatv.pl\/index.php?rest_route=\/wp\/v2\/posts"}],"about":[{"href":"https:\/\/ostrowskatv.pl\/index.php?rest_route=\/wp\/v2\/types\/post"}],"author":[{"embeddable":true,"href":"https:\/\/ostrowskatv.pl\/index.php?rest_route=\/wp\/v2\/users\/1"}],"replies":[{"embeddable":true,"href":"https:\/\/ostrowskatv.pl\/index.php?rest_route=%2Fwp%2Fv2%2Fcomments&post=10693"}],"version-history":[{"count":0,"href":"https:\/\/ostrowskatv.pl\/index.php?rest_route=\/wp\/v2\/posts\/10693\/revisions"}],"wp:featuredmedia":[{"embeddable":true,"href":"https:\/\/ostrowskatv.pl\/index.php?rest_route=\/wp\/v2\/media\/10695"}],"wp:attachment":[{"href":"https:\/\/ostrowskatv.pl\/index.php?rest_route=%2Fwp%2Fv2%2Fmedia&parent=10693"}],"wp:term":[{"taxonomy":"category","embeddable":true,"href":"https:\/\/ostrowskatv.pl\/index.php?rest_route=%2Fwp%2Fv2%2Fcategories&post=10693"},{"taxonomy":"post_tag","embeddable":true,"href":"https:\/\/ostrowskatv.pl\/index.php?rest_route=%2Fwp%2Fv2%2Ftags&post=10693"}],"curies":[{"name":"wp","href":"https:\/\/api.w.org\/{rel}","templated":true}]}}