{"id":10631,"date":"2019-11-11T09:32:41","date_gmt":"2019-11-11T08:32:41","guid":{"rendered":"http:\/\/ostrowska.tv\/?p=10631"},"modified":"2019-11-11T09:32:41","modified_gmt":"2019-11-11T08:32:41","slug":"nad-ranem-znaleziono-cialo-przy-ul-towarowej","status":"publish","type":"post","link":"https:\/\/ostrowskatv.pl\/?p=10631","title":{"rendered":"Nad ranem znaleziono cia\u0142o przy ul. Towarowej"},"content":{"rendered":"<p><strong>Przed godzin\u0105 6.00 znaleziono cia\u0142o m\u0119\u017cczyzny przy ul. Towarowej w Ostrowie Wlkp. Na miejsce wezwano za\u0142og\u0119 karetki pogotowia, a p\u00f3\u017aniej policj\u0119. Wedlug \u015bwiadka podj\u0119to pr\u00f3b\u0119 reanimacji. <\/strong><\/p>\n<p>M\u0119\u017cczyzna wygl\u0105da\u0142 na oko\u0142o 65 lat. Mia\u0142 ubran\u0105 marynark\u0119 i bia\u0142\u0105 koszul\u0119.<\/p>\n<p>Sekcja zw\u0142ok wyka\u017ce przyczyn\u0119 \u015bmierci.<\/p>\n<div id='gallery-1' class='gallery galleryid-10631 gallery-columns-3 gallery-size-thumbnail'><figure class='gallery-item'>\n\t\t\t<div class='gallery-icon landscape'>\n\t\t\t\t<a href='https:\/\/ostrowskatv.pl\/?attachment_id=10632'><img loading=\"lazy\" decoding=\"async\" width=\"150\" height=\"150\" src=\"https:\/\/ostrowskatv.pl\/wp-content\/uploads\/2019\/11\/towarowa-150x150.jpeg\" class=\"attachment-thumbnail size-thumbnail\" alt=\"\" \/><\/a>\n\t\t\t<\/div><\/figure>\n\t\t<\/div>\n\n","protected":false},"excerpt":{"rendered":"Przed godzin\u0105 6.00 znaleziono cia\u0142o m\u0119\u017cczyzny przy ul. Towarowej w Ostrowie Wlkp. Na miejsce wezwano za\u0142og\u0119 karetki pogotowia, a p\u00f3\u017aniej policj\u0119. Wedlug \u015bwiadka \n<a class=\"moretag\" href=\"https:\/\/ostrowskatv.pl\/?p=10631\"> [...]<\/a>","protected":false},"author":1,"featured_media":10632,"comment_status":"open","ping_status":"closed","sticky":false,"template":"","format":"standard","meta":{"footnotes":""},"categories":[1],"tags":[2],"class_list":["post-10631","post","type-post","status-publish","format-standard","has-post-thumbnail","hentry","category-news","tag-ostrow-wielkopolski"],"_links":{"self":[{"href":"https:\/\/ostrowskatv.pl\/index.php?rest_route=\/wp\/v2\/posts\/10631","targetHints":{"allow":["GET"]}}],"collection":[{"href":"https:\/\/ostrowskatv.pl\/index.php?rest_route=\/wp\/v2\/posts"}],"about":[{"href":"https:\/\/ostrowskatv.pl\/index.php?rest_route=\/wp\/v2\/types\/post"}],"author":[{"embeddable":true,"href":"https:\/\/ostrowskatv.pl\/index.php?rest_route=\/wp\/v2\/users\/1"}],"replies":[{"embeddable":true,"href":"https:\/\/ostrowskatv.pl\/index.php?rest_route=%2Fwp%2Fv2%2Fcomments&post=10631"}],"version-history":[{"count":0,"href":"https:\/\/ostrowskatv.pl\/index.php?rest_route=\/wp\/v2\/posts\/10631\/revisions"}],"wp:featuredmedia":[{"embeddable":true,"href":"https:\/\/ostrowskatv.pl\/index.php?rest_route=\/wp\/v2\/media\/10632"}],"wp:attachment":[{"href":"https:\/\/ostrowskatv.pl\/index.php?rest_route=%2Fwp%2Fv2%2Fmedia&parent=10631"}],"wp:term":[{"taxonomy":"category","embeddable":true,"href":"https:\/\/ostrowskatv.pl\/index.php?rest_route=%2Fwp%2Fv2%2Fcategories&post=10631"},{"taxonomy":"post_tag","embeddable":true,"href":"https:\/\/ostrowskatv.pl\/index.php?rest_route=%2Fwp%2Fv2%2Ftags&post=10631"}],"curies":[{"name":"wp","href":"https:\/\/api.w.org\/{rel}","templated":true}]}}