{"id":106,"date":"2016-01-01T18:15:17","date_gmt":"2016-01-01T17:15:17","guid":{"rendered":"http:\/\/ostrowska.tv\/?p=106"},"modified":"2016-01-01T19:18:18","modified_gmt":"2016-01-01T18:18:18","slug":"106","status":"publish","type":"post","link":"https:\/\/ostrowskatv.pl\/?p=106","title":{"rendered":"Po\u017car przy Placu 23 stycznia"},"content":{"rendered":"<p><strong>W Sylwestra dosz\u0142o do po\u017caru mieszkania przy Placu 23 stycznia. Oko\u0142o godz. 15:00 zauwa\u017cono wydobywaj\u0105cy si\u0119 dym z mieszkania znajduj\u0105cego si\u0119 na parterze kamienicy. Gdy stra\u017cacy przyjechali na miejsce, w \u015brodku by\u0142y ju\u017c widoczne p\u0142omienie. Okaza\u0142o si\u0119, \u017ce mieszkanie nale\u017cy do osoby, kt\u00f3ra ma syndrom zbieractwa. Mieszkanie by\u0142o wype\u0142nione wieloma przedmiotami, kt\u00f3re wi\u0119kszo\u015b\u0107 z nas wyrzuci\u0142aby na \u015bmietnik. Strach pomy\u015ble\u0107 jak bardzo m\u00f3g\u0142by rozwin\u0105\u0107 si\u0119 ogie\u0144, gdyby p\u00f3\u017aniej powiadomiono stra\u017cak\u00f3w.<\/strong><\/p>\n<p>Ca\u0142a kamienica nale\u017c\u0105ca do MZGM-u jest przeznaczona do rozbi\u00f3rki. MIeszka\u0144cy ju\u017c otrzymali zast\u0119pcze mieszkania, ale nie wszyscy jeszcze opu\u015bcili ten budynek. Lokatora z mieszkania obj\u0119tego po\u017carem nie by\u0142o w \u015brodku. W zdarzeniu nikt nie ucierpia\u0142.<\/p>\n<div style=\"width: 640px;\" class=\"wp-video\"><video class=\"wp-video-shortcode\" id=\"video-106-1\" width=\"640\" height=\"360\" preload=\"metadata\" controls=\"controls\"><source type=\"video\/mp4\" src=\"http:\/\/ostrowska.tv\/wp-content\/uploads\/2016\/01\/pozar-plac-23-stycznia.mp4?_=1\" \/><a href=\"http:\/\/ostrowska.tv\/wp-content\/uploads\/2016\/01\/pozar-plac-23-stycznia.mp4\">http:\/\/ostrowska.tv\/wp-content\/uploads\/2016\/01\/pozar-plac-23-stycznia.mp4<\/a><\/video><\/div>\n","protected":false},"excerpt":{"rendered":"W Sylwestra dosz\u0142o do po\u017caru mieszkania przy Placu 23 stycznia. Oko\u0142o godz. 15:00 zauwa\u017cono wydobywaj\u0105cy si\u0119 dym z mieszkania znajduj\u0105cego si\u0119 na parterze \n<a class=\"moretag\" href=\"https:\/\/ostrowskatv.pl\/?p=106\"> [...]<\/a>","protected":false},"author":1,"featured_media":108,"comment_status":"open","ping_status":"open","sticky":false,"template":"","format":"standard","meta":{"footnotes":""},"categories":[1],"tags":[2,7],"class_list":["post-106","post","type-post","status-publish","format-standard","has-post-thumbnail","hentry","category-news","tag-ostrow-wielkopolski","tag-pozar"],"_links":{"self":[{"href":"https:\/\/ostrowskatv.pl\/index.php?rest_route=\/wp\/v2\/posts\/106","targetHints":{"allow":["GET"]}}],"collection":[{"href":"https:\/\/ostrowskatv.pl\/index.php?rest_route=\/wp\/v2\/posts"}],"about":[{"href":"https:\/\/ostrowskatv.pl\/index.php?rest_route=\/wp\/v2\/types\/post"}],"author":[{"embeddable":true,"href":"https:\/\/ostrowskatv.pl\/index.php?rest_route=\/wp\/v2\/users\/1"}],"replies":[{"embeddable":true,"href":"https:\/\/ostrowskatv.pl\/index.php?rest_route=%2Fwp%2Fv2%2Fcomments&post=106"}],"version-history":[{"count":0,"href":"https:\/\/ostrowskatv.pl\/index.php?rest_route=\/wp\/v2\/posts\/106\/revisions"}],"wp:featuredmedia":[{"embeddable":true,"href":"https:\/\/ostrowskatv.pl\/index.php?rest_route=\/wp\/v2\/media\/108"}],"wp:attachment":[{"href":"https:\/\/ostrowskatv.pl\/index.php?rest_route=%2Fwp%2Fv2%2Fmedia&parent=106"}],"wp:term":[{"taxonomy":"category","embeddable":true,"href":"https:\/\/ostrowskatv.pl\/index.php?rest_route=%2Fwp%2Fv2%2Fcategories&post=106"},{"taxonomy":"post_tag","embeddable":true,"href":"https:\/\/ostrowskatv.pl\/index.php?rest_route=%2Fwp%2Fv2%2Ftags&post=106"}],"curies":[{"name":"wp","href":"https:\/\/api.w.org\/{rel}","templated":true}]}}