{"id":10595,"date":"2019-11-07T19:45:06","date_gmt":"2019-11-07T18:45:06","guid":{"rendered":"http:\/\/ostrowska.tv\/?p=10595"},"modified":"2019-11-07T19:45:06","modified_gmt":"2019-11-07T18:45:06","slug":"niemowle-zmarlo-po-porodzie-z-powodu-obrazen-glowy","status":"publish","type":"post","link":"https:\/\/ostrowskatv.pl\/?p=10595","title":{"rendered":"Niemowl\u0119 zmar\u0142o po porodzie z powodu obra\u017ce\u0144 g\u0142owy"},"content":{"rendered":"<p><strong>Dotarli\u015bmy do tragicznej informacji. Niemowl\u0119, kt\u00f3re przysz\u0142o na \u015bwiat w 33. tygodniu ci\u0105\u017cy, zmar\u0142o kilka godzin po porodzie. Nieoficjalnie m\u00f3wi si\u0119, \u017ce podczas porodu na k\u0119pi\u0144skiej porod\u00f3wce niemowl\u0119 dozna\u0142o rozleg\u0142ego urazu g\u0142owy. Dziecko w krytycznym stanie przewieziono na ostrowsk\u0105 neonatologi\u0119, ale obra\u017cenia okaza\u0142y si\u0119 zbyt powa\u017cne.<\/strong><\/p>\n<p>Jak uda\u0142o si\u0119 ustali\u0107, matka zg\u0142osi\u0142a si\u0119 w \u015brod\u0119 popo\u0142udniu do k\u0119pi\u0144skiego szpitala w 33. tygodniu ci\u0105\u017cy (8 miesi\u0105c i tydzie\u0144). Podj\u0119to decyzj\u0119 o przeprowadzeniu cesarskiego ci\u0119cia. Podczas niego pr\u00f3bowano dziecko &#8222;przepchn\u0105\u0107&#8221; przez pochw\u0119 w stron\u0119 brzucha, poniewa\u017c wsun\u0119\u0142o si\u0119 ju\u017c w kana\u0142 rodny. To w\u0142a\u015bnie wtedy mia\u0142o doj\u015b\u0107 do \u015bmiertelnego w skutkach urazu g\u0142\u00f3wki dzieci\u0105tka. Dziecko przewieziono w stanie krytycznym na neonatologi\u0119 do ostrowskiego szpitala, gdzie po kilku godzinach zmar\u0142o.<\/p>\n<p>Policja na wniosek prokuratury zabezpieczy\u0142a dokumentacj\u0119 medyczn\u0105. Spraw\u0119 prowadzi Prokuratura Rejonowa w \u0141odzi.<\/p>\n","protected":false},"excerpt":{"rendered":"Dotarli\u015bmy do tragicznej informacji. Niemowl\u0119, kt\u00f3re przysz\u0142o na \u015bwiat w 33. tygodniu ci\u0105\u017cy, zmar\u0142o kilka godzin po porodzie. Nieoficjalnie m\u00f3wi si\u0119, \u017ce podczas \n<a class=\"moretag\" href=\"https:\/\/ostrowskatv.pl\/?p=10595\"> [...]<\/a>","protected":false},"author":1,"featured_media":10597,"comment_status":"open","ping_status":"closed","sticky":false,"template":"","format":"standard","meta":{"footnotes":""},"categories":[1],"tags":[187],"class_list":["post-10595","post","type-post","status-publish","format-standard","has-post-thumbnail","hentry","category-news","tag-dziecko"],"_links":{"self":[{"href":"https:\/\/ostrowskatv.pl\/index.php?rest_route=\/wp\/v2\/posts\/10595","targetHints":{"allow":["GET"]}}],"collection":[{"href":"https:\/\/ostrowskatv.pl\/index.php?rest_route=\/wp\/v2\/posts"}],"about":[{"href":"https:\/\/ostrowskatv.pl\/index.php?rest_route=\/wp\/v2\/types\/post"}],"author":[{"embeddable":true,"href":"https:\/\/ostrowskatv.pl\/index.php?rest_route=\/wp\/v2\/users\/1"}],"replies":[{"embeddable":true,"href":"https:\/\/ostrowskatv.pl\/index.php?rest_route=%2Fwp%2Fv2%2Fcomments&post=10595"}],"version-history":[{"count":0,"href":"https:\/\/ostrowskatv.pl\/index.php?rest_route=\/wp\/v2\/posts\/10595\/revisions"}],"wp:featuredmedia":[{"embeddable":true,"href":"https:\/\/ostrowskatv.pl\/index.php?rest_route=\/wp\/v2\/media\/10597"}],"wp:attachment":[{"href":"https:\/\/ostrowskatv.pl\/index.php?rest_route=%2Fwp%2Fv2%2Fmedia&parent=10595"}],"wp:term":[{"taxonomy":"category","embeddable":true,"href":"https:\/\/ostrowskatv.pl\/index.php?rest_route=%2Fwp%2Fv2%2Fcategories&post=10595"},{"taxonomy":"post_tag","embeddable":true,"href":"https:\/\/ostrowskatv.pl\/index.php?rest_route=%2Fwp%2Fv2%2Ftags&post=10595"}],"curies":[{"name":"wp","href":"https:\/\/api.w.org\/{rel}","templated":true}]}}