{"id":10593,"date":"2019-11-07T14:35:21","date_gmt":"2019-11-07T13:35:21","guid":{"rendered":"http:\/\/ostrowska.tv\/?p=10593"},"modified":"2019-11-07T14:35:21","modified_gmt":"2019-11-07T13:35:21","slug":"produkowali-jedzenie-dla-norek-wielki-pozar-hali-gasili-rowniez-ostrowscy-strazacy","status":"publish","type":"post","link":"https:\/\/ostrowskatv.pl\/?p=10593","title":{"rendered":"Produkowali jedzenie dla norek. Wielki po\u017car hali gasili r\u00f3wnie\u017c ostrowscy stra\u017cacy"},"content":{"rendered":"<p><strong>O godzinie 3.31 stra\u017c po\u017carna w Krotoszynie otrzyma\u0142a informacj\u0119 o po\u017carze hali produkcyjnej w miejscowo\u015bci Bia\u0142y Dw\u00f3r. Firma produkuje m.in. karm\u0119 dla norek. Na miejsce zadysponowano w sumie 19 zast\u0119p\u00f3w stra\u017cy po\u017carnej, w tym kontener uzupe\u0142niaj\u0105cy aparaty powietrzne z Ostrowa Wlkp., a tak\u017ce w\u00f3z dow\u00f3dztwa z Poznania.<\/strong><\/p>\n<p>Spaleniu uleg\u0142a hala o rozmiarach 100&#215;20 metr\u00f3w i wysoko\u015bci 12,5 m. Przed przybyciem stra\u017cy ewakuowa\u0142o si\u0119 5 pracownik\u00f3w. Nic im si\u0119 nie sta\u0142o. Nie jest znana przyczyna powstania po\u017caru.<\/p>\n<div id='gallery-1' class='gallery galleryid-10593 gallery-columns-3 gallery-size-thumbnail'><figure class='gallery-item'>\n\t\t\t<div class='gallery-icon landscape'>\n\t\t\t\t<a href='https:\/\/ostrowskatv.pl\/?attachment_id=10592'><img loading=\"lazy\" decoding=\"async\" width=\"150\" height=\"150\" src=\"https:\/\/ostrowskatv.pl\/wp-content\/uploads\/2019\/11\/starydwor1-150x150.jpeg\" class=\"attachment-thumbnail size-thumbnail\" alt=\"\" \/><\/a>\n\t\t\t<\/div><\/figure><figure class='gallery-item'>\n\t\t\t<div class='gallery-icon landscape'>\n\t\t\t\t<a href='https:\/\/ostrowskatv.pl\/?attachment_id=10590'><img loading=\"lazy\" decoding=\"async\" width=\"150\" height=\"150\" src=\"https:\/\/ostrowskatv.pl\/wp-content\/uploads\/2019\/11\/starydwor3-150x150.jpeg\" class=\"attachment-thumbnail size-thumbnail\" alt=\"\" \/><\/a>\n\t\t\t<\/div><\/figure><figure class='gallery-item'>\n\t\t\t<div class='gallery-icon landscape'>\n\t\t\t\t<a href='https:\/\/ostrowskatv.pl\/?attachment_id=10591'><img loading=\"lazy\" decoding=\"async\" width=\"150\" height=\"150\" src=\"https:\/\/ostrowskatv.pl\/wp-content\/uploads\/2019\/11\/starydwor2-150x150.jpeg\" class=\"attachment-thumbnail size-thumbnail\" alt=\"\" \/><\/a>\n\t\t\t<\/div><\/figure><figure class='gallery-item'>\n\t\t\t<div class='gallery-icon landscape'>\n\t\t\t\t<a href='https:\/\/ostrowskatv.pl\/?attachment_id=10589'><img loading=\"lazy\" decoding=\"async\" width=\"150\" height=\"150\" src=\"https:\/\/ostrowskatv.pl\/wp-content\/uploads\/2019\/11\/starydwor4-01-150x150.jpeg\" class=\"attachment-thumbnail size-thumbnail\" alt=\"\" \/><\/a>\n\t\t\t<\/div><\/figure>\n\t\t<\/div>\n\n","protected":false},"excerpt":{"rendered":"O godzinie 3.31 stra\u017c po\u017carna w Krotoszynie otrzyma\u0142a informacj\u0119 o po\u017carze hali produkcyjnej w miejscowo\u015bci Bia\u0142y Dw\u00f3r. Firma produkuje m.in. karm\u0119 dla norek. \n<a class=\"moretag\" href=\"https:\/\/ostrowskatv.pl\/?p=10593\"> [...]<\/a>","protected":false},"author":1,"featured_media":10591,"comment_status":"open","ping_status":"closed","sticky":false,"template":"","format":"standard","meta":{"footnotes":""},"categories":[1],"tags":[7],"class_list":["post-10593","post","type-post","status-publish","format-standard","has-post-thumbnail","hentry","category-news","tag-pozar"],"_links":{"self":[{"href":"https:\/\/ostrowskatv.pl\/index.php?rest_route=\/wp\/v2\/posts\/10593","targetHints":{"allow":["GET"]}}],"collection":[{"href":"https:\/\/ostrowskatv.pl\/index.php?rest_route=\/wp\/v2\/posts"}],"about":[{"href":"https:\/\/ostrowskatv.pl\/index.php?rest_route=\/wp\/v2\/types\/post"}],"author":[{"embeddable":true,"href":"https:\/\/ostrowskatv.pl\/index.php?rest_route=\/wp\/v2\/users\/1"}],"replies":[{"embeddable":true,"href":"https:\/\/ostrowskatv.pl\/index.php?rest_route=%2Fwp%2Fv2%2Fcomments&post=10593"}],"version-history":[{"count":0,"href":"https:\/\/ostrowskatv.pl\/index.php?rest_route=\/wp\/v2\/posts\/10593\/revisions"}],"wp:featuredmedia":[{"embeddable":true,"href":"https:\/\/ostrowskatv.pl\/index.php?rest_route=\/wp\/v2\/media\/10591"}],"wp:attachment":[{"href":"https:\/\/ostrowskatv.pl\/index.php?rest_route=%2Fwp%2Fv2%2Fmedia&parent=10593"}],"wp:term":[{"taxonomy":"category","embeddable":true,"href":"https:\/\/ostrowskatv.pl\/index.php?rest_route=%2Fwp%2Fv2%2Fcategories&post=10593"},{"taxonomy":"post_tag","embeddable":true,"href":"https:\/\/ostrowskatv.pl\/index.php?rest_route=%2Fwp%2Fv2%2Ftags&post=10593"}],"curies":[{"name":"wp","href":"https:\/\/api.w.org\/{rel}","templated":true}]}}