{"id":10579,"date":"2019-11-06T23:28:05","date_gmt":"2019-11-06T22:28:05","guid":{"rendered":"http:\/\/ostrowska.tv\/?p=10579"},"modified":"2019-11-06T23:30:24","modified_gmt":"2019-11-06T22:30:24","slug":"wojt-zelazkowa-wyproszony-z-wizyty-prezydenta-rp","status":"publish","type":"post","link":"https:\/\/ostrowskatv.pl\/?p=10579","title":{"rendered":"W\u00f3jt \u017belazkowa wyproszony z wizyty Prezydenta RP"},"content":{"rendered":"<p><strong>S\u0142ynny W\u00f3jt gminy \u017belazk\u00f3w, Sylwiusz Jakubowski, zosta\u0142 wyproszony z terenu posesji, na kt\u00f3r\u0105 przyjecha\u0142 dzi\u015b Prezydent RP Andrzej Duda. W\u0142a\u015bciciele gospodarstwa zajmuj\u0105cego si\u0119 przetw\u00f3rstwem kapusty, ugo\u015bcili g\u0142ow\u0119 pa\u0144stwa. W spotkaniu chcia\u0142 wzi\u0105\u0107 udzia\u0142 w\u00f3jt gminy \u017belazk\u00f3w, ale zosta\u0142 wyproszony i sta\u0142 jak na wygnaniu za p\u0142otem, przy radiowozie.<\/strong><\/p>\n<p>Spotkanie zaplanowano na godzin\u0119 15.40, przed oficjaln\u0105 wizyt\u0105 w Jarocinie. Prezydent RP przyjecha\u0142 punktualnie do Czajkowa w powiecie kaliskim. Spotkaniu w zak\u0142adzie przetw\u00f3rstwa kapusty towarzyszy\u0142y pe\u0142ne \u015brodki bezpiecze\u0144stwa. Wizyt\u0119 opr\u00f3cz S\u0142u\u017cby Ochrony Pa\u0144stwa, zabezpiecza\u0142a karetka, stra\u017c po\u017carna oraz policja.<\/p>\n<p>Na kilkadziesi\u0105t minut przed przyjazdem Andrzeja Dudy, przed posesj\u0105 sta\u0142 w towarzystwie innych os\u00f3b w\u00f3jt gminy \u017belazk\u00f3w. W pewnym momencie wszed\u0142 do \u015brodka, ale postanowiono, \u017ce jako jedyna osoba b\u0119dzie musia\u0142 opu\u015bci\u0107 posesj\u0119. By\u0107 mo\u017ce gospodarze obawiali si\u0119 skandalu na ca\u0142\u0105 Polsk\u0119. Sylwiusz Jakubowski opu\u015bci\u0142 posesj\u0119.<\/p>\n<p>Prezydent RP przywita\u0142 si\u0119 ze zgromadzonymi go\u015b\u0107mi. Byli to g\u0142\u00f3wnie przyjaciele i znajomi gospodarzy. Nast\u0119pnie uda\u0142 si\u0119 na teren zak\u0142adu, gdzie prze\u015bledzi\u0142 proces przetw\u00f3rstwa kapusty. W jednej z hal musia\u0142 ubra\u0107 specjalny uniform. Skusi\u0142 si\u0119 na spr\u00f3bowanie kapusty prosto z ta\u015bmoci\u0105gu.<\/p>\n<p>Na koniec wizyty zjad\u0142 obiad w gronie gospodarzy oraz najbli\u017cszych wsp\u00f3\u0142pracownik\u00f3w, po czym odjecha\u0142 do Jarocina spotka\u0107 si\u0119 z mieszka\u0144cami.<\/p>\n<p>W internecie w\u015br\u00f3d mieszka\u0144c\u00f3w gminy \u017belazk\u00f3w modny jest hashtag #muremzasylwiuszem. My dzisiaj proponujemy zmian\u0119 na #sylwiuszzamurem.<\/p>\n<div id='gallery-1' class='gallery galleryid-10579 gallery-columns-3 gallery-size-thumbnail'><figure class='gallery-item'>\n\t\t\t<div class='gallery-icon landscape'>\n\t\t\t\t<a href='https:\/\/ostrowskatv.pl\/?attachment_id=10583'><img loading=\"lazy\" decoding=\"async\" width=\"150\" height=\"150\" src=\"https:\/\/ostrowskatv.pl\/wp-content\/uploads\/2019\/11\/duda1-150x150.jpeg\" class=\"attachment-thumbnail size-thumbnail\" alt=\"\" \/><\/a>\n\t\t\t<\/div><\/figure><figure class='gallery-item'>\n\t\t\t<div class='gallery-icon landscape'>\n\t\t\t\t<a href='https:\/\/ostrowskatv.pl\/?attachment_id=10582'><img loading=\"lazy\" decoding=\"async\" width=\"150\" height=\"150\" src=\"https:\/\/ostrowskatv.pl\/wp-content\/uploads\/2019\/11\/duda-dera-150x150.jpeg\" class=\"attachment-thumbnail size-thumbnail\" alt=\"\" \/><\/a>\n\t\t\t<\/div><\/figure><figure class='gallery-item'>\n\t\t\t<div class='gallery-icon portrait'>\n\t\t\t\t<a href='https:\/\/ostrowskatv.pl\/?attachment_id=10581'><img loading=\"lazy\" decoding=\"async\" width=\"150\" height=\"150\" src=\"https:\/\/ostrowskatv.pl\/wp-content\/uploads\/2019\/11\/zelazkow-150x150.jpeg\" class=\"attachment-thumbnail size-thumbnail\" alt=\"\" \/><\/a>\n\t\t\t<\/div><\/figure><figure class='gallery-item'>\n\t\t\t<div class='gallery-icon landscape'>\n\t\t\t\t<a href='https:\/\/ostrowskatv.pl\/?attachment_id=10580'><img loading=\"lazy\" decoding=\"async\" width=\"150\" height=\"150\" src=\"https:\/\/ostrowskatv.pl\/wp-content\/uploads\/2019\/11\/IMG_20191106_155609-01-150x150.jpeg\" class=\"attachment-thumbnail size-thumbnail\" alt=\"\" \/><\/a>\n\t\t\t<\/div><\/figure>\n\t\t<\/div>\n\n","protected":false},"excerpt":{"rendered":"S\u0142ynny W\u00f3jt gminy \u017belazk\u00f3w, Sylwiusz Jakubowski, zosta\u0142 wyproszony z terenu posesji, na kt\u00f3r\u0105 przyjecha\u0142 dzi\u015b Prezydent RP Andrzej Duda. W\u0142a\u015bciciele gospodarstwa zajmuj\u0105cego si\u0119 \n<a class=\"moretag\" href=\"https:\/\/ostrowskatv.pl\/?p=10579\"> [...]<\/a>","protected":false},"author":1,"featured_media":10580,"comment_status":"open","ping_status":"closed","sticky":false,"template":"","format":"standard","meta":{"footnotes":""},"categories":[1],"tags":[175],"class_list":["post-10579","post","type-post","status-publish","format-standard","has-post-thumbnail","hentry","category-news","tag-powiat-kaliski"],"_links":{"self":[{"href":"https:\/\/ostrowskatv.pl\/index.php?rest_route=\/wp\/v2\/posts\/10579","targetHints":{"allow":["GET"]}}],"collection":[{"href":"https:\/\/ostrowskatv.pl\/index.php?rest_route=\/wp\/v2\/posts"}],"about":[{"href":"https:\/\/ostrowskatv.pl\/index.php?rest_route=\/wp\/v2\/types\/post"}],"author":[{"embeddable":true,"href":"https:\/\/ostrowskatv.pl\/index.php?rest_route=\/wp\/v2\/users\/1"}],"replies":[{"embeddable":true,"href":"https:\/\/ostrowskatv.pl\/index.php?rest_route=%2Fwp%2Fv2%2Fcomments&post=10579"}],"version-history":[{"count":0,"href":"https:\/\/ostrowskatv.pl\/index.php?rest_route=\/wp\/v2\/posts\/10579\/revisions"}],"wp:featuredmedia":[{"embeddable":true,"href":"https:\/\/ostrowskatv.pl\/index.php?rest_route=\/wp\/v2\/media\/10580"}],"wp:attachment":[{"href":"https:\/\/ostrowskatv.pl\/index.php?rest_route=%2Fwp%2Fv2%2Fmedia&parent=10579"}],"wp:term":[{"taxonomy":"category","embeddable":true,"href":"https:\/\/ostrowskatv.pl\/index.php?rest_route=%2Fwp%2Fv2%2Fcategories&post=10579"},{"taxonomy":"post_tag","embeddable":true,"href":"https:\/\/ostrowskatv.pl\/index.php?rest_route=%2Fwp%2Fv2%2Ftags&post=10579"}],"curies":[{"name":"wp","href":"https:\/\/api.w.org\/{rel}","templated":true}]}}