{"id":10574,"date":"2019-11-05T12:47:17","date_gmt":"2019-11-05T11:47:17","guid":{"rendered":"http:\/\/ostrowska.tv\/?p=10574"},"modified":"2019-11-05T12:47:17","modified_gmt":"2019-11-05T11:47:17","slug":"ewakuacja-urzedu-skarbowego","status":"publish","type":"post","link":"https:\/\/ostrowskatv.pl\/?p=10574","title":{"rendered":"Ewakuacja Urz\u0119du Skarbowego"},"content":{"rendered":"<p><strong>Po godzinie 12.00 ewakuowano ostrowski Urz\u0105d Skarbowy. Urz\u0119dnicy zgodnie z procedur\u0105 opu\u015bcili miejsca pracy i udali si\u0119 na plac w pobli\u017cu plac\u00f3wki. Policja sprawdza wn\u0119trze budynku. Najprawdopodobniej kto\u015b poinformowa\u0142 o pod\u0142o\u017conej bombie. <\/strong><\/p>\n<div id='gallery-1' class='gallery galleryid-10574 gallery-columns-3 gallery-size-thumbnail'><figure class='gallery-item'>\n\t\t\t<div class='gallery-icon landscape'>\n\t\t\t\t<a href='https:\/\/ostrowskatv.pl\/?attachment_id=10573'><img loading=\"lazy\" decoding=\"async\" width=\"150\" height=\"150\" src=\"https:\/\/ostrowskatv.pl\/wp-content\/uploads\/2019\/11\/IMG_20191105_124142-01-150x150.jpeg\" class=\"attachment-thumbnail size-thumbnail\" alt=\"\" \/><\/a>\n\t\t\t<\/div><\/figure><figure class='gallery-item'>\n\t\t\t<div class='gallery-icon landscape'>\n\t\t\t\t<a href='https:\/\/ostrowskatv.pl\/?attachment_id=10572'><img loading=\"lazy\" decoding=\"async\" width=\"150\" height=\"150\" src=\"https:\/\/ostrowskatv.pl\/wp-content\/uploads\/2019\/11\/IMG_20191105_124203-01-01-150x150.jpeg\" class=\"attachment-thumbnail size-thumbnail\" alt=\"\" \/><\/a>\n\t\t\t<\/div><\/figure>\n\t\t<\/div>\n\n","protected":false},"excerpt":{"rendered":"Po godzinie 12.00 ewakuowano ostrowski Urz\u0105d Skarbowy. Urz\u0119dnicy zgodnie z procedur\u0105 opu\u015bcili miejsca pracy i udali si\u0119 na plac w pobli\u017cu plac\u00f3wki. Policja \n<a class=\"moretag\" href=\"https:\/\/ostrowskatv.pl\/?p=10574\"> [...]<\/a>","protected":false},"author":1,"featured_media":10572,"comment_status":"open","ping_status":"closed","sticky":false,"template":"","format":"standard","meta":{"footnotes":""},"categories":[1],"tags":[2],"class_list":["post-10574","post","type-post","status-publish","format-standard","has-post-thumbnail","hentry","category-news","tag-ostrow-wielkopolski"],"_links":{"self":[{"href":"https:\/\/ostrowskatv.pl\/index.php?rest_route=\/wp\/v2\/posts\/10574","targetHints":{"allow":["GET"]}}],"collection":[{"href":"https:\/\/ostrowskatv.pl\/index.php?rest_route=\/wp\/v2\/posts"}],"about":[{"href":"https:\/\/ostrowskatv.pl\/index.php?rest_route=\/wp\/v2\/types\/post"}],"author":[{"embeddable":true,"href":"https:\/\/ostrowskatv.pl\/index.php?rest_route=\/wp\/v2\/users\/1"}],"replies":[{"embeddable":true,"href":"https:\/\/ostrowskatv.pl\/index.php?rest_route=%2Fwp%2Fv2%2Fcomments&post=10574"}],"version-history":[{"count":0,"href":"https:\/\/ostrowskatv.pl\/index.php?rest_route=\/wp\/v2\/posts\/10574\/revisions"}],"wp:featuredmedia":[{"embeddable":true,"href":"https:\/\/ostrowskatv.pl\/index.php?rest_route=\/wp\/v2\/media\/10572"}],"wp:attachment":[{"href":"https:\/\/ostrowskatv.pl\/index.php?rest_route=%2Fwp%2Fv2%2Fmedia&parent=10574"}],"wp:term":[{"taxonomy":"category","embeddable":true,"href":"https:\/\/ostrowskatv.pl\/index.php?rest_route=%2Fwp%2Fv2%2Fcategories&post=10574"},{"taxonomy":"post_tag","embeddable":true,"href":"https:\/\/ostrowskatv.pl\/index.php?rest_route=%2Fwp%2Fv2%2Ftags&post=10574"}],"curies":[{"name":"wp","href":"https:\/\/api.w.org\/{rel}","templated":true}]}}