{"id":10569,"date":"2019-11-03T12:32:07","date_gmt":"2019-11-03T11:32:07","guid":{"rendered":"http:\/\/ostrowska.tv\/?p=10569"},"modified":"2019-11-03T12:33:01","modified_gmt":"2019-11-03T11:33:01","slug":"10569","status":"publish","type":"post","link":"https:\/\/ostrowskatv.pl\/?p=10569","title":{"rendered":"Licznik zatrzyma\u0142 si\u0119 na 140 km\/h. Nie \u017cyj\u0105 2 osoby"},"content":{"rendered":"<p><strong>Tragedia w miejscowo\u015bci Lipie. Nie \u017cyje dw\u00f3ch mieszka\u0144c\u00f3w gminy \u0141\u0119ka Opatowska. Ze wst\u0119pnych ustale\u0144 policji wynika, \u017ce samoch\u00f3d osobowy marki VW Passat wypad\u0142 z drogi i uderzy\u0142 w przydro\u017cne drzewo. W wyniku zdarzenia \u015bmier\u0107 poni\u00f3s\u0142 kierowca 31-letni mieszkaniec gm. \u0141\u0119ka Opatowska, oraz 39-letni pasa\u017cer z tej samej gminy. Trzecia osoba, 21-letni obywatel Ukrainy, kt\u00f3ry tak\u017ce podr\u00f3\u017cowa\u0142 tym samochodem, zosta\u0142 w bardzo ci\u0119\u017ckim stanie przetransportowany \u015bmig\u0142owcem LPR do szpitala<\/strong>. <\/p>\n<p>Na miejscu pod okiem prokuratora, pracuje ekipa dochodzeniowo-\u015bledcza KPP K\u0119pno.<\/p>\n<div id='gallery-1' class='gallery galleryid-10569 gallery-columns-3 gallery-size-thumbnail'><figure class='gallery-item'>\n\t\t\t<div class='gallery-icon landscape'>\n\t\t\t\t<a href='https:\/\/ostrowskatv.pl\/?attachment_id=10567'><img loading=\"lazy\" decoding=\"async\" width=\"150\" height=\"150\" src=\"https:\/\/ostrowskatv.pl\/wp-content\/uploads\/2019\/11\/IMG_20191103_104027-01-150x150.jpeg\" class=\"attachment-thumbnail size-thumbnail\" alt=\"\" \/><\/a>\n\t\t\t<\/div><\/figure><figure class='gallery-item'>\n\t\t\t<div class='gallery-icon landscape'>\n\t\t\t\t<a href='https:\/\/ostrowskatv.pl\/?attachment_id=10566'><img loading=\"lazy\" decoding=\"async\" width=\"150\" height=\"150\" src=\"https:\/\/ostrowskatv.pl\/wp-content\/uploads\/2019\/11\/IMG_20191103_110848-01-150x150.jpeg\" class=\"attachment-thumbnail size-thumbnail\" alt=\"\" \/><\/a>\n\t\t\t<\/div><\/figure><figure class='gallery-item'>\n\t\t\t<div class='gallery-icon landscape'>\n\t\t\t\t<a href='https:\/\/ostrowskatv.pl\/?attachment_id=10568'><img loading=\"lazy\" decoding=\"async\" width=\"150\" height=\"150\" src=\"https:\/\/ostrowskatv.pl\/wp-content\/uploads\/2019\/11\/IMG_20191103_104035-01-150x150.jpeg\" class=\"attachment-thumbnail size-thumbnail\" alt=\"\" \/><\/a>\n\t\t\t<\/div><\/figure><figure class='gallery-item'>\n\t\t\t<div class='gallery-icon portrait'>\n\t\t\t\t<a href='https:\/\/ostrowskatv.pl\/?attachment_id=10565'><img loading=\"lazy\" decoding=\"async\" width=\"150\" height=\"150\" src=\"https:\/\/ostrowskatv.pl\/wp-content\/uploads\/2019\/11\/IMG_20191103_110837-01-150x150.jpeg\" class=\"attachment-thumbnail size-thumbnail\" alt=\"\" \/><\/a>\n\t\t\t<\/div><\/figure><figure class='gallery-item'>\n\t\t\t<div class='gallery-icon landscape'>\n\t\t\t\t<a href='https:\/\/ostrowskatv.pl\/?attachment_id=10564'><img loading=\"lazy\" decoding=\"async\" width=\"150\" height=\"150\" src=\"https:\/\/ostrowskatv.pl\/wp-content\/uploads\/2019\/11\/IMG_20191103_110126-01-150x150.jpeg\" class=\"attachment-thumbnail size-thumbnail\" alt=\"\" \/><\/a>\n\t\t\t<\/div><\/figure><figure class='gallery-item'>\n\t\t\t<div class='gallery-icon landscape'>\n\t\t\t\t<a href='https:\/\/ostrowskatv.pl\/?attachment_id=10563'><img loading=\"lazy\" decoding=\"async\" width=\"150\" height=\"150\" src=\"https:\/\/ostrowskatv.pl\/wp-content\/uploads\/2019\/11\/IMG_20191103_110121-01-150x150.jpeg\" class=\"attachment-thumbnail size-thumbnail\" alt=\"\" \/><\/a>\n\t\t\t<\/div><\/figure>\n\t\t<\/div>\n\n","protected":false},"excerpt":{"rendered":"Tragedia w miejscowo\u015bci Lipie. Nie \u017cyje dw\u00f3ch mieszka\u0144c\u00f3w gminy \u0141\u0119ka Opatowska. Ze wst\u0119pnych ustale\u0144 policji wynika, \u017ce samoch\u00f3d osobowy marki VW Passat wypad\u0142 \n<a class=\"moretag\" href=\"https:\/\/ostrowskatv.pl\/?p=10569\"> [...]<\/a>","protected":false},"author":1,"featured_media":10566,"comment_status":"open","ping_status":"closed","sticky":false,"template":"","format":"standard","meta":{"footnotes":""},"categories":[1],"tags":[170],"class_list":["post-10569","post","type-post","status-publish","format-standard","has-post-thumbnail","hentry","category-news","tag-powiat-kepinski"],"_links":{"self":[{"href":"https:\/\/ostrowskatv.pl\/index.php?rest_route=\/wp\/v2\/posts\/10569","targetHints":{"allow":["GET"]}}],"collection":[{"href":"https:\/\/ostrowskatv.pl\/index.php?rest_route=\/wp\/v2\/posts"}],"about":[{"href":"https:\/\/ostrowskatv.pl\/index.php?rest_route=\/wp\/v2\/types\/post"}],"author":[{"embeddable":true,"href":"https:\/\/ostrowskatv.pl\/index.php?rest_route=\/wp\/v2\/users\/1"}],"replies":[{"embeddable":true,"href":"https:\/\/ostrowskatv.pl\/index.php?rest_route=%2Fwp%2Fv2%2Fcomments&post=10569"}],"version-history":[{"count":0,"href":"https:\/\/ostrowskatv.pl\/index.php?rest_route=\/wp\/v2\/posts\/10569\/revisions"}],"wp:featuredmedia":[{"embeddable":true,"href":"https:\/\/ostrowskatv.pl\/index.php?rest_route=\/wp\/v2\/media\/10566"}],"wp:attachment":[{"href":"https:\/\/ostrowskatv.pl\/index.php?rest_route=%2Fwp%2Fv2%2Fmedia&parent=10569"}],"wp:term":[{"taxonomy":"category","embeddable":true,"href":"https:\/\/ostrowskatv.pl\/index.php?rest_route=%2Fwp%2Fv2%2Fcategories&post=10569"},{"taxonomy":"post_tag","embeddable":true,"href":"https:\/\/ostrowskatv.pl\/index.php?rest_route=%2Fwp%2Fv2%2Ftags&post=10569"}],"curies":[{"name":"wp","href":"https:\/\/api.w.org\/{rel}","templated":true}]}}