{"id":10545,"date":"2019-10-31T12:24:22","date_gmt":"2019-10-31T11:24:22","guid":{"rendered":"http:\/\/ostrowska.tv\/?p=10545"},"modified":"2019-10-31T12:43:31","modified_gmt":"2019-10-31T11:43:31","slug":"zderzenie-motorowerzysty-i-opla-na-konopnickiej","status":"publish","type":"post","link":"https:\/\/ostrowskatv.pl\/?p=10545","title":{"rendered":"Zderzenie motorowerzysty i Opla na Konopnickiej"},"content":{"rendered":"<p><strong>Na ulicy Konopnickiej w Ostrowie Wielkopolskim dosz\u0142o do zderzenia motoroweru i opla insignia. O godzinie 11.00 m\u0119\u017cczyzna kieruj\u0105c samochodem osobowym, przeje\u017cd\u017ca\u0142 z ulicy Kasprowicza i zamierza\u0142 zaparkowa\u0107 na parkingu przy pobliskich sklepach. Wtedy w jego bok uderzy\u0142 motorowerzysta. Kierowca opla zarzeka\u0142 si\u0119, \u017ce nie widzia\u0142 motorowerzysty. Nieprawd\u0105 jest wersja przedstawiona przez inny portal jakoby kierowca opla wyje\u017cd\u017ca\u0142 z parkingu.<\/strong><\/p>\n<p>Poszkodowanego zabrano do karetki w stanie przytomnym, ale uskar\u017caj\u0105cego si\u0119 na b\u00f3l kr\u0119gos\u0142upa.<\/p>\n<div id='gallery-1' class='gallery galleryid-10545 gallery-columns-3 gallery-size-thumbnail'><figure class='gallery-item'>\n\t\t\t<div class='gallery-icon landscape'>\n\t\t\t\t<a href='https:\/\/ostrowskatv.pl\/?attachment_id=10549'><img loading=\"lazy\" decoding=\"async\" width=\"150\" height=\"150\" src=\"https:\/\/ostrowskatv.pl\/wp-content\/uploads\/2019\/10\/konopnickiej_1-150x150.jpg\" class=\"attachment-thumbnail size-thumbnail\" alt=\"\" \/><\/a>\n\t\t\t<\/div><\/figure><figure class='gallery-item'>\n\t\t\t<div class='gallery-icon landscape'>\n\t\t\t\t<a href='https:\/\/ostrowskatv.pl\/?attachment_id=10548'><img loading=\"lazy\" decoding=\"async\" width=\"150\" height=\"150\" src=\"https:\/\/ostrowskatv.pl\/wp-content\/uploads\/2019\/10\/konopnickiej_2-150x150.jpg\" class=\"attachment-thumbnail size-thumbnail\" alt=\"\" \/><\/a>\n\t\t\t<\/div><\/figure><figure class='gallery-item'>\n\t\t\t<div class='gallery-icon landscape'>\n\t\t\t\t<a href='https:\/\/ostrowskatv.pl\/?attachment_id=10547'><img loading=\"lazy\" decoding=\"async\" width=\"150\" height=\"150\" src=\"https:\/\/ostrowskatv.pl\/wp-content\/uploads\/2019\/10\/konopnickiej_3-150x150.jpg\" class=\"attachment-thumbnail size-thumbnail\" alt=\"\" \/><\/a>\n\t\t\t<\/div><\/figure><figure class='gallery-item'>\n\t\t\t<div class='gallery-icon landscape'>\n\t\t\t\t<a href='https:\/\/ostrowskatv.pl\/?attachment_id=10546'><img loading=\"lazy\" decoding=\"async\" width=\"150\" height=\"150\" src=\"https:\/\/ostrowskatv.pl\/wp-content\/uploads\/2019\/10\/konopnickiej_4-150x150.jpg\" class=\"attachment-thumbnail size-thumbnail\" alt=\"\" \/><\/a>\n\t\t\t<\/div><\/figure><figure class='gallery-item'>\n\t\t\t<div class='gallery-icon portrait'>\n\t\t\t\t<a href='https:\/\/ostrowskatv.pl\/?attachment_id=10553'><img loading=\"lazy\" decoding=\"async\" width=\"150\" height=\"150\" src=\"https:\/\/ostrowskatv.pl\/wp-content\/uploads\/2019\/10\/zrzut-01-150x150.jpeg\" class=\"attachment-thumbnail size-thumbnail\" alt=\"\" \/><\/a>\n\t\t\t<\/div><\/figure>\n\t\t<\/div>\n\n","protected":false},"excerpt":{"rendered":"Na ulicy Konopnickiej w Ostrowie Wielkopolskim dosz\u0142o do zderzenia motoroweru i opla insignia. O godzinie 11.00 m\u0119\u017cczyzna kieruj\u0105c samochodem osobowym, przeje\u017cd\u017ca\u0142 z ulicy \n<a class=\"moretag\" href=\"https:\/\/ostrowskatv.pl\/?p=10545\"> [...]<\/a>","protected":false},"author":1,"featured_media":10546,"comment_status":"open","ping_status":"closed","sticky":false,"template":"","format":"standard","meta":{"footnotes":""},"categories":[1],"tags":[2],"class_list":["post-10545","post","type-post","status-publish","format-standard","has-post-thumbnail","hentry","category-news","tag-ostrow-wielkopolski"],"_links":{"self":[{"href":"https:\/\/ostrowskatv.pl\/index.php?rest_route=\/wp\/v2\/posts\/10545","targetHints":{"allow":["GET"]}}],"collection":[{"href":"https:\/\/ostrowskatv.pl\/index.php?rest_route=\/wp\/v2\/posts"}],"about":[{"href":"https:\/\/ostrowskatv.pl\/index.php?rest_route=\/wp\/v2\/types\/post"}],"author":[{"embeddable":true,"href":"https:\/\/ostrowskatv.pl\/index.php?rest_route=\/wp\/v2\/users\/1"}],"replies":[{"embeddable":true,"href":"https:\/\/ostrowskatv.pl\/index.php?rest_route=%2Fwp%2Fv2%2Fcomments&post=10545"}],"version-history":[{"count":0,"href":"https:\/\/ostrowskatv.pl\/index.php?rest_route=\/wp\/v2\/posts\/10545\/revisions"}],"wp:featuredmedia":[{"embeddable":true,"href":"https:\/\/ostrowskatv.pl\/index.php?rest_route=\/wp\/v2\/media\/10546"}],"wp:attachment":[{"href":"https:\/\/ostrowskatv.pl\/index.php?rest_route=%2Fwp%2Fv2%2Fmedia&parent=10545"}],"wp:term":[{"taxonomy":"category","embeddable":true,"href":"https:\/\/ostrowskatv.pl\/index.php?rest_route=%2Fwp%2Fv2%2Fcategories&post=10545"},{"taxonomy":"post_tag","embeddable":true,"href":"https:\/\/ostrowskatv.pl\/index.php?rest_route=%2Fwp%2Fv2%2Ftags&post=10545"}],"curies":[{"name":"wp","href":"https:\/\/api.w.org\/{rel}","templated":true}]}}