{"id":10542,"date":"2019-10-30T19:58:30","date_gmt":"2019-10-30T18:58:30","guid":{"rendered":"http:\/\/ostrowska.tv\/?p=10542"},"modified":"2019-10-30T19:58:30","modified_gmt":"2019-10-30T18:58:30","slug":"wysoka-oferta-na-prowadzenie-schroniska","status":"publish","type":"post","link":"https:\/\/ostrowskatv.pl\/?p=10542","title":{"rendered":"Wysoka oferta na prowadzenie schroniska"},"content":{"rendered":"<p><strong>Dzi\u015b w Urz\u0119dzie Miejskim otwarto kopert\u0119 z ofert\u0105 na prowadzenie schroniska dla bezdomnych zwierz\u0105t przez najbli\u017cszy rok. Jedyn\u0105 ofert\u0119 z\u0142o\u017cy\u0142y Agnieszka i Laura Nowickie.<\/strong><\/p>\n<p>Urz\u0119dnicy na prowadzenie schroniska zaplanowali kwot\u0119 478 800 z\u0142. Obecna kierownik z\u0142o\u017cy\u0142a ofert\u0119 na kwot\u0119  wy\u017csz\u0105, bo 750 tysi\u0119cy z\u0142otych. <\/p>\n<p>W tej kwocie zawarte jest zatrudnienie kilku pracownik\u00f3w, \u015bwiadczenie ca\u0142odobowej us\u0142ugi wy\u0142apywania ps\u00f3w na wniosek m. in. policji, opieka weterynaryjna i wy\u017cywienie. To wszystko dla oko\u0142o 160 ps\u00f3w z ca\u0142ego powiatu ostrowskiego. <\/p>\n<p>Dodatkowo zostanie zorganizowanych 5 wydarze\u0144 promuj\u0105cych adopcj\u0119.<\/p>\n<p>Do przetargu mog\u0142a wystartowa\u0107 tylko taka osoba, kt\u00f3ra przez ostatnie 3 lata, co najmniej przez rok, pe\u0142ni\u0142a kierownicz\u0105 funkcj\u0119 w schronisku. <\/p>\n<p>Urz\u0119dnicy musz\u0105 podj\u0105\u0107 decyzj\u0119 czy powy\u017cszy\u0107 kwot\u0119 na ten cel czy uniewa\u017cni\u0107 przetarg. A jakie jest Pa\u0144stwa zdanie?<\/p>\n","protected":false},"excerpt":{"rendered":"Dzi\u015b w Urz\u0119dzie Miejskim otwarto kopert\u0119 z ofert\u0105 na prowadzenie schroniska dla bezdomnych zwierz\u0105t przez najbli\u017cszy rok. Jedyn\u0105 ofert\u0119 z\u0142o\u017cy\u0142y Agnieszka i Laura \n<a class=\"moretag\" href=\"https:\/\/ostrowskatv.pl\/?p=10542\"> [...]<\/a>","protected":false},"author":1,"featured_media":10543,"comment_status":"open","ping_status":"closed","sticky":false,"template":"","format":"standard","meta":{"footnotes":""},"categories":[1],"tags":[186],"class_list":["post-10542","post","type-post","status-publish","format-standard","has-post-thumbnail","hentry","category-news","tag-psy"],"_links":{"self":[{"href":"https:\/\/ostrowskatv.pl\/index.php?rest_route=\/wp\/v2\/posts\/10542","targetHints":{"allow":["GET"]}}],"collection":[{"href":"https:\/\/ostrowskatv.pl\/index.php?rest_route=\/wp\/v2\/posts"}],"about":[{"href":"https:\/\/ostrowskatv.pl\/index.php?rest_route=\/wp\/v2\/types\/post"}],"author":[{"embeddable":true,"href":"https:\/\/ostrowskatv.pl\/index.php?rest_route=\/wp\/v2\/users\/1"}],"replies":[{"embeddable":true,"href":"https:\/\/ostrowskatv.pl\/index.php?rest_route=%2Fwp%2Fv2%2Fcomments&post=10542"}],"version-history":[{"count":0,"href":"https:\/\/ostrowskatv.pl\/index.php?rest_route=\/wp\/v2\/posts\/10542\/revisions"}],"wp:featuredmedia":[{"embeddable":true,"href":"https:\/\/ostrowskatv.pl\/index.php?rest_route=\/wp\/v2\/media\/10543"}],"wp:attachment":[{"href":"https:\/\/ostrowskatv.pl\/index.php?rest_route=%2Fwp%2Fv2%2Fmedia&parent=10542"}],"wp:term":[{"taxonomy":"category","embeddable":true,"href":"https:\/\/ostrowskatv.pl\/index.php?rest_route=%2Fwp%2Fv2%2Fcategories&post=10542"},{"taxonomy":"post_tag","embeddable":true,"href":"https:\/\/ostrowskatv.pl\/index.php?rest_route=%2Fwp%2Fv2%2Ftags&post=10542"}],"curies":[{"name":"wp","href":"https:\/\/api.w.org\/{rel}","templated":true}]}}