{"id":10526,"date":"2019-10-24T13:10:39","date_gmt":"2019-10-24T12:10:39","guid":{"rendered":"http:\/\/ostrowska.tv\/?p=10526"},"modified":"2019-10-24T13:10:39","modified_gmt":"2019-10-24T12:10:39","slug":"smiertelny-wypadek-z-udzialem-karetki-na-staroprzygodzkiej-ruszyl-proces","status":"publish","type":"post","link":"https:\/\/ostrowskatv.pl\/?p=10526","title":{"rendered":"\u015amiertelny wypadek z udzia\u0142em karetki na Staroprzygodzkiej. Ruszy\u0142 proces"},"content":{"rendered":"<p><strong>Dzi\u015b przed S\u0105dem Rejonowym w Ostrowie Wlkp. ruszy\u0142 proces przeciwko kierowcy karetki pogotowia ratunkowego, kt\u00f3rego prokuratura po zebraniu materia\u0142u dowodowego, oskar\u017cy\u0142a o umy\u015blne naruszenie zasad bezpiecze\u0144stwa w ruchu drogowym i nieumy\u015blnie spowodowanie wypadku drogowego, w kt\u00f3rym zgin\u0105\u0142 Roman Cegielny, zwi\u0105zany z Ostrowskim Zak\u0142adem Ciep\u0142owniczym. Do tragicznego w skutkach wypadku dosz\u0142o 2 grudnia 2018 r.<\/strong><\/p>\n<p>Prokuratura w akcie oskar\u017cenia podkre\u015bla, \u017ce bezpo\u015brednio przed wypadkiem karetka nie mia\u0142a w\u0142\u0105czonych sygna\u0142\u00f3w d\u017awi\u0119kowych. Ponadto jecha\u0142a z nadmiern\u0105 pr\u0119dko\u015bci\u0105 oko\u0142o 100 km\/h w miejscu gdzie obowi\u0105zuje ograniczenie do 50 km\/h. Ratownik medyczny kieruj\u0105c ambulansem podj\u0105\u0142 manewr wyprzedzania samochodu osobowego marki opel na skrzy\u017cowaniu, i ju\u017c na lewym pasie uderzy\u0142 w w ten samoch\u00f3d, a nast\u0119pnie karetka zatrzyma\u0142a si\u0119 na drzewie.\u00a0 Roman Cegielny po przetransportowaniu do szpitala w Kaliszu, w wyniku odniesionych obra\u017ce\u0144 tj. powa\u017cny uraz kr\u0119gos\u0142upa, z\u0142amania \u017ceber i inne obra\u017ce\u0144 wewn\u0119trznych, zmar\u0142.<\/p>\n<p>Oskar\u017cony kierowca karetki nie przyzna\u0142 si\u0119 do winy, ale z\u0142o\u017cy\u0142 przed S\u0105dem wyja\u015bnienia. Odm\u00f3wi\u0142 odpowiedzi na potencjalne pytania zadawane przez S\u0105d, prokuratur\u0119 czy oskar\u017cycieli posi\u0142kowych. Wed\u0142ug niego, wyje\u017cd\u017caj\u0105c z podstacji pogotowia w Przygodzicach w\u0142\u0105czy\u0142 sygna\u0142y \u015bwietlne i d\u017awi\u0119kowe. Po drodze min\u0105\u0142 raptem 2 lub 3 auta osobowe. Zaznaczy\u0142, \u017ce Opel tu\u017c przed skr\u0119tem jecha\u0142 powoli i wg niego mia\u0142 zjecha\u0107 do prawej kraw\u0119dzi tak jakby ust\u0119powa\u0142 miejsca karetce. Jego kolega z dy\u017curu, siedz\u0105c na miejscu pasa\u017cera, widzia\u0142, \u017ce wyprzedzaj\u0105 osob\u00f3wk\u0119, a kierunkowskaz w oplu zauwa\u017cy\u0142 na kilka metr\u00f3w przed zderzeniem. Wcze\u015bniej mia\u0142 spogl\u0105da\u0107 w s\u0142u\u017cbowy tablet z informacjami o miejscu medycznej interwencji, do kt\u00f3rej zmierzali. Pasa\u017cer karetki nie jest do ko\u0144ca pewien czy by\u0142y w\u0142\u0105czone sygna\u0142y d\u017awi\u0119kowe, poniewa\u017c z uwagi na ich zmienne nat\u0119\u017cenie, momentami zanika. Poza tym po 15 latach pracy jako ratownik medyczny nie do ko\u0144ca zwraca na nie uwag\u0119. Zezna\u0142 jednak, \u017ce s\u0142ysza\u0142 wewn\u0105trz karetki w\u0142\u0105czony przez jego koleg\u0119 kierunkowskaz w ambulansie.<\/p>\n<p>Nieoficjalnie wiadomo, \u017ce przed skr\u0119tem w lewo kierowca osobowego Opla w\u0142\u0105czy\u0142 kierunkowskaz. Sygna\u0142 syreny d\u017awi\u0119kowej karetki rozbrzmiewa wewn\u0105trz osob\u00f3wki dopiero sekund\u0119 przed uderzeniem. Jej intonacja przypomina pocz\u0105tek, taki jak przy w\u0142\u0105czaniu, czyli od niskiego tonu w stron\u0119 wysokiego.<\/p>\n<p>Kierowca karetki wyprzedza\u0142 na podw\u00f3jnej ci\u0105g\u0142ej, na skrzy\u017cowaniu, a do celu jazdy mia\u0142 oko\u0142o 400 metr\u00f3w. Kierowca osob\u00f3wki m\u00f3g\u0142 nawet nie dostrzec ambulansu jad\u0105cego na \u015bwiat\u0142ach z uwagi na ukszta\u0142towanie terenu. Najpierw ulica Staroprzygodzka idzie w d\u00f3\u0142, by przed skrzy\u017cowaniem z ulic\u0105 Dekarsk\u0105 sz\u0142a w g\u00f3r\u0119.<\/p>\n<p>Samoch\u00f3d zmar\u0142ego by\u0142 wyposa\u017cony w automatyczny system powiadamiania o wypadku.<\/p>\n<div id='gallery-1' class='gallery galleryid-10526 gallery-columns-3 gallery-size-thumbnail'><figure class='gallery-item'>\n\t\t\t<div class='gallery-icon landscape'>\n\t\t\t\t<a href='https:\/\/ostrowskatv.pl\/?attachment_id=10525'><img loading=\"lazy\" decoding=\"async\" width=\"150\" height=\"150\" src=\"https:\/\/ostrowskatv.pl\/wp-content\/uploads\/2019\/10\/IMG_20191024_092125-01-01-150x150.jpeg\" class=\"attachment-thumbnail size-thumbnail\" alt=\"\" \/><\/a>\n\t\t\t<\/div><\/figure><figure class='gallery-item'>\n\t\t\t<div class='gallery-icon landscape'>\n\t\t\t\t<a href='https:\/\/ostrowskatv.pl\/?attachment_id=10524'><img loading=\"lazy\" decoding=\"async\" width=\"150\" height=\"150\" src=\"https:\/\/ostrowskatv.pl\/wp-content\/uploads\/2019\/10\/IMG_20191024_092116-01-150x150.jpeg\" class=\"attachment-thumbnail size-thumbnail\" alt=\"\" \/><\/a>\n\t\t\t<\/div><\/figure><figure class='gallery-item'>\n\t\t\t<div class='gallery-icon landscape'>\n\t\t\t\t<a href='https:\/\/ostrowskatv.pl\/?attachment_id=7911'><img loading=\"lazy\" decoding=\"async\" width=\"150\" height=\"150\" src=\"https:\/\/ostrowskatv.pl\/wp-content\/uploads\/2018\/12\/staroprz8-150x150.jpg\" class=\"attachment-thumbnail size-thumbnail\" alt=\"\" \/><\/a>\n\t\t\t<\/div><\/figure><figure class='gallery-item'>\n\t\t\t<div class='gallery-icon landscape'>\n\t\t\t\t<a href='https:\/\/ostrowskatv.pl\/?attachment_id=7913'><img loading=\"lazy\" decoding=\"async\" width=\"150\" height=\"150\" src=\"https:\/\/ostrowskatv.pl\/wp-content\/uploads\/2018\/12\/staroprzygo-150x150.jpg\" class=\"attachment-thumbnail size-thumbnail\" alt=\"\" \/><\/a>\n\t\t\t<\/div><\/figure><figure class='gallery-item'>\n\t\t\t<div class='gallery-icon landscape'>\n\t\t\t\t<a href='https:\/\/ostrowskatv.pl\/?attachment_id=7910'><img loading=\"lazy\" decoding=\"async\" width=\"150\" height=\"150\" src=\"https:\/\/ostrowskatv.pl\/wp-content\/uploads\/2018\/12\/staroprz7-150x150.jpg\" class=\"attachment-thumbnail size-thumbnail\" alt=\"\" \/><\/a>\n\t\t\t<\/div><\/figure><figure class='gallery-item'>\n\t\t\t<div class='gallery-icon landscape'>\n\t\t\t\t<a href='https:\/\/ostrowskatv.pl\/?attachment_id=7909'><img loading=\"lazy\" decoding=\"async\" width=\"150\" height=\"150\" src=\"https:\/\/ostrowskatv.pl\/wp-content\/uploads\/2018\/12\/staroprz6-150x150.jpg\" class=\"attachment-thumbnail size-thumbnail\" alt=\"\" \/><\/a>\n\t\t\t<\/div><\/figure><figure class='gallery-item'>\n\t\t\t<div class='gallery-icon landscape'>\n\t\t\t\t<a href='https:\/\/ostrowskatv.pl\/?attachment_id=7908'><img loading=\"lazy\" decoding=\"async\" width=\"150\" height=\"150\" src=\"https:\/\/ostrowskatv.pl\/wp-content\/uploads\/2018\/12\/staroprz5-150x150.jpg\" class=\"attachment-thumbnail size-thumbnail\" alt=\"\" \/><\/a>\n\t\t\t<\/div><\/figure><figure class='gallery-item'>\n\t\t\t<div class='gallery-icon landscape'>\n\t\t\t\t<a href='https:\/\/ostrowskatv.pl\/?attachment_id=7907'><img loading=\"lazy\" decoding=\"async\" width=\"150\" height=\"150\" src=\"https:\/\/ostrowskatv.pl\/wp-content\/uploads\/2018\/12\/staroprz4-150x150.jpg\" class=\"attachment-thumbnail size-thumbnail\" alt=\"\" \/><\/a>\n\t\t\t<\/div><\/figure><figure class='gallery-item'>\n\t\t\t<div class='gallery-icon landscape'>\n\t\t\t\t<a href='https:\/\/ostrowskatv.pl\/?attachment_id=7906'><img loading=\"lazy\" decoding=\"async\" width=\"150\" height=\"150\" src=\"https:\/\/ostrowskatv.pl\/wp-content\/uploads\/2018\/12\/staroprz3-150x150.jpg\" class=\"attachment-thumbnail size-thumbnail\" alt=\"\" \/><\/a>\n\t\t\t<\/div><\/figure><figure class='gallery-item'>\n\t\t\t<div class='gallery-icon landscape'>\n\t\t\t\t<a href='https:\/\/ostrowskatv.pl\/?attachment_id=7905'><img loading=\"lazy\" decoding=\"async\" width=\"150\" height=\"150\" src=\"https:\/\/ostrowskatv.pl\/wp-content\/uploads\/2018\/12\/staroprz2-150x150.jpg\" class=\"attachment-thumbnail size-thumbnail\" alt=\"\" \/><\/a>\n\t\t\t<\/div><\/figure><figure class='gallery-item'>\n\t\t\t<div class='gallery-icon landscape'>\n\t\t\t\t<a href='https:\/\/ostrowskatv.pl\/?attachment_id=7904'><img loading=\"lazy\" decoding=\"async\" width=\"150\" height=\"150\" src=\"https:\/\/ostrowskatv.pl\/wp-content\/uploads\/2018\/12\/staroprz1-150x150.jpg\" class=\"attachment-thumbnail size-thumbnail\" alt=\"\" \/><\/a>\n\t\t\t<\/div><\/figure>\n\t\t<\/div>\n\n","protected":false},"excerpt":{"rendered":"Dzi\u015b przed S\u0105dem Rejonowym w Ostrowie Wlkp. ruszy\u0142 proces przeciwko kierowcy karetki pogotowia ratunkowego, kt\u00f3rego prokuratura po zebraniu materia\u0142u dowodowego, oskar\u017cy\u0142a o umy\u015blne \n<a class=\"moretag\" href=\"https:\/\/ostrowskatv.pl\/?p=10526\"> [...]<\/a>","protected":false},"author":1,"featured_media":10527,"comment_status":"open","ping_status":"closed","sticky":false,"template":"","format":"standard","meta":{"footnotes":""},"categories":[1],"tags":[2],"class_list":["post-10526","post","type-post","status-publish","format-standard","has-post-thumbnail","hentry","category-news","tag-ostrow-wielkopolski"],"_links":{"self":[{"href":"https:\/\/ostrowskatv.pl\/index.php?rest_route=\/wp\/v2\/posts\/10526","targetHints":{"allow":["GET"]}}],"collection":[{"href":"https:\/\/ostrowskatv.pl\/index.php?rest_route=\/wp\/v2\/posts"}],"about":[{"href":"https:\/\/ostrowskatv.pl\/index.php?rest_route=\/wp\/v2\/types\/post"}],"author":[{"embeddable":true,"href":"https:\/\/ostrowskatv.pl\/index.php?rest_route=\/wp\/v2\/users\/1"}],"replies":[{"embeddable":true,"href":"https:\/\/ostrowskatv.pl\/index.php?rest_route=%2Fwp%2Fv2%2Fcomments&post=10526"}],"version-history":[{"count":0,"href":"https:\/\/ostrowskatv.pl\/index.php?rest_route=\/wp\/v2\/posts\/10526\/revisions"}],"wp:featuredmedia":[{"embeddable":true,"href":"https:\/\/ostrowskatv.pl\/index.php?rest_route=\/wp\/v2\/media\/10527"}],"wp:attachment":[{"href":"https:\/\/ostrowskatv.pl\/index.php?rest_route=%2Fwp%2Fv2%2Fmedia&parent=10526"}],"wp:term":[{"taxonomy":"category","embeddable":true,"href":"https:\/\/ostrowskatv.pl\/index.php?rest_route=%2Fwp%2Fv2%2Fcategories&post=10526"},{"taxonomy":"post_tag","embeddable":true,"href":"https:\/\/ostrowskatv.pl\/index.php?rest_route=%2Fwp%2Fv2%2Ftags&post=10526"}],"curies":[{"name":"wp","href":"https:\/\/api.w.org\/{rel}","templated":true}]}}