{"id":10522,"date":"2019-10-22T21:00:53","date_gmt":"2019-10-22T20:00:53","guid":{"rendered":"http:\/\/ostrowska.tv\/?p=10522"},"modified":"2019-10-22T21:00:53","modified_gmt":"2019-10-22T20:00:53","slug":"czolowka-podczas-mgly-w-fabianowie","status":"publish","type":"post","link":"https:\/\/ostrowskatv.pl\/?p=10522","title":{"rendered":"Czo\u0142\u00f3wka podczas mg\u0142y w Fabianowie"},"content":{"rendered":"<p><strong>G\u0119sta mg\u0142a rozla\u0142a si\u0119 po drogach w regionie. Po godzinie 21.00 dosz\u0142o do czo\u0142owego zderzenia dw\u00f3ch aut osobowych na trasie Ostr\u00f3w &#8211; Kalisz. Jedn\u0105 osob\u0119 zabrano do szpitala.\u00a0<\/strong><\/p>\n<p>W zdarzeniu bra\u0142y udzia\u0142 Fiat Seicento i Opel Astra. Poszkodowan\u0105 kobiet\u0119 zabrano do szpitala. Pierwotnie droga zosta\u0142a odblokowana, ale po oko\u0142o 20 minutach puszczono ruch wahad\u0142owy.<\/p>\n<div id='gallery-1' class='gallery galleryid-10522 gallery-columns-3 gallery-size-thumbnail'><figure class='gallery-item'>\n\t\t\t<div class='gallery-icon landscape'>\n\t\t\t\t<a href='https:\/\/ostrowskatv.pl\/?attachment_id=10521'><img loading=\"lazy\" decoding=\"async\" width=\"150\" height=\"150\" src=\"https:\/\/ostrowskatv.pl\/wp-content\/uploads\/2019\/10\/IMG_20191022_214951-01-150x150.jpeg\" class=\"attachment-thumbnail size-thumbnail\" alt=\"\" \/><\/a>\n\t\t\t<\/div><\/figure><figure class='gallery-item'>\n\t\t\t<div class='gallery-icon landscape'>\n\t\t\t\t<a href='https:\/\/ostrowskatv.pl\/?attachment_id=10520'><img loading=\"lazy\" decoding=\"async\" width=\"150\" height=\"150\" src=\"https:\/\/ostrowskatv.pl\/wp-content\/uploads\/2019\/10\/IMG_20191022_214912-01-150x150.jpeg\" class=\"attachment-thumbnail size-thumbnail\" alt=\"\" \/><\/a>\n\t\t\t<\/div><\/figure>\n\t\t<\/div>\n\n","protected":false},"excerpt":{"rendered":"G\u0119sta mg\u0142a rozla\u0142a si\u0119 po drogach w regionie. Po godzinie 21.00 dosz\u0142o do czo\u0142owego zderzenia dw\u00f3ch aut osobowych na trasie Ostr\u00f3w &#8211; Kalisz. \n<a class=\"moretag\" href=\"https:\/\/ostrowskatv.pl\/?p=10522\"> [...]<\/a>","protected":false},"author":1,"featured_media":10521,"comment_status":"open","ping_status":"closed","sticky":false,"template":"","format":"standard","meta":{"footnotes":""},"categories":[1],"tags":[106],"class_list":["post-10522","post","type-post","status-publish","format-standard","has-post-thumbnail","hentry","category-news","tag-fabianow"],"_links":{"self":[{"href":"https:\/\/ostrowskatv.pl\/index.php?rest_route=\/wp\/v2\/posts\/10522","targetHints":{"allow":["GET"]}}],"collection":[{"href":"https:\/\/ostrowskatv.pl\/index.php?rest_route=\/wp\/v2\/posts"}],"about":[{"href":"https:\/\/ostrowskatv.pl\/index.php?rest_route=\/wp\/v2\/types\/post"}],"author":[{"embeddable":true,"href":"https:\/\/ostrowskatv.pl\/index.php?rest_route=\/wp\/v2\/users\/1"}],"replies":[{"embeddable":true,"href":"https:\/\/ostrowskatv.pl\/index.php?rest_route=%2Fwp%2Fv2%2Fcomments&post=10522"}],"version-history":[{"count":0,"href":"https:\/\/ostrowskatv.pl\/index.php?rest_route=\/wp\/v2\/posts\/10522\/revisions"}],"wp:featuredmedia":[{"embeddable":true,"href":"https:\/\/ostrowskatv.pl\/index.php?rest_route=\/wp\/v2\/media\/10521"}],"wp:attachment":[{"href":"https:\/\/ostrowskatv.pl\/index.php?rest_route=%2Fwp%2Fv2%2Fmedia&parent=10522"}],"wp:term":[{"taxonomy":"category","embeddable":true,"href":"https:\/\/ostrowskatv.pl\/index.php?rest_route=%2Fwp%2Fv2%2Fcategories&post=10522"},{"taxonomy":"post_tag","embeddable":true,"href":"https:\/\/ostrowskatv.pl\/index.php?rest_route=%2Fwp%2Fv2%2Ftags&post=10522"}],"curies":[{"name":"wp","href":"https:\/\/api.w.org\/{rel}","templated":true}]}}