{"id":10517,"date":"2019-10-21T14:20:33","date_gmt":"2019-10-21T13:20:33","guid":{"rendered":"http:\/\/ostrowska.tv\/?p=10517"},"modified":"2019-10-21T14:20:33","modified_gmt":"2019-10-21T13:20:33","slug":"toyota-yaris-wjechala-w-drzewo-przy-piaskach","status":"publish","type":"post","link":"https:\/\/ostrowskatv.pl\/?p=10517","title":{"rendered":"Toyota Yaris wjecha\u0142a w drzewo przy Piaskach"},"content":{"rendered":"<p><strong>Do gro\u017anie wygl\u0105daj\u0105cego wypadku dosz\u0142o przy ostrowskich Piaskach. Przed godzin\u0105 15.00 Toyota Yaris wjecha\u0142a w przydro\u017cne drzewo.\u00a0<\/strong><\/p>\n<p>Na miejsce zadysponowano stra\u017c po\u017carn\u0105, policj\u0119 i karetk\u0119, poniewa\u017c jedna osoba zosta\u0142a poszkodowana. Trwa ustalanie szczeg\u00f3\u0142\u00f3w zdarzenia.<\/p>\n<div id='gallery-1' class='gallery galleryid-10517 gallery-columns-3 gallery-size-thumbnail'><figure class='gallery-item'>\n\t\t\t<div class='gallery-icon landscape'>\n\t\t\t\t<a href='https:\/\/ostrowskatv.pl\/?attachment_id=10516'><img loading=\"lazy\" decoding=\"async\" width=\"150\" height=\"150\" src=\"https:\/\/ostrowskatv.pl\/wp-content\/uploads\/2019\/10\/IMG_20191021_145959-01-150x150.jpeg\" class=\"attachment-thumbnail size-thumbnail\" alt=\"\" \/><\/a>\n\t\t\t<\/div><\/figure><figure class='gallery-item'>\n\t\t\t<div class='gallery-icon landscape'>\n\t\t\t\t<a href='https:\/\/ostrowskatv.pl\/?attachment_id=10515'><img loading=\"lazy\" decoding=\"async\" width=\"150\" height=\"150\" src=\"https:\/\/ostrowskatv.pl\/wp-content\/uploads\/2019\/10\/IMG_20191021_150008-01-150x150.jpeg\" class=\"attachment-thumbnail size-thumbnail\" alt=\"\" \/><\/a>\n\t\t\t<\/div><\/figure><figure class='gallery-item'>\n\t\t\t<div class='gallery-icon landscape'>\n\t\t\t\t<a href='https:\/\/ostrowskatv.pl\/?attachment_id=10514'><img loading=\"lazy\" decoding=\"async\" width=\"150\" height=\"150\" src=\"https:\/\/ostrowskatv.pl\/wp-content\/uploads\/2019\/10\/IMG_20191021_145954-01-150x150.jpeg\" class=\"attachment-thumbnail size-thumbnail\" alt=\"\" \/><\/a>\n\t\t\t<\/div><\/figure>\n\t\t<\/div>\n\n","protected":false},"excerpt":{"rendered":"Do gro\u017anie wygl\u0105daj\u0105cego wypadku dosz\u0142o przy ostrowskich Piaskach. Przed godzin\u0105 15.00 Toyota Yaris wjecha\u0142a w przydro\u017cne drzewo.\u00a0 Na miejsce zadysponowano stra\u017c po\u017carn\u0105, policj\u0119 \n<a class=\"moretag\" href=\"https:\/\/ostrowskatv.pl\/?p=10517\"> [...]<\/a>","protected":false},"author":1,"featured_media":10516,"comment_status":"open","ping_status":"closed","sticky":false,"template":"","format":"standard","meta":{"footnotes":""},"categories":[1],"tags":[2],"class_list":["post-10517","post","type-post","status-publish","format-standard","has-post-thumbnail","hentry","category-news","tag-ostrow-wielkopolski"],"_links":{"self":[{"href":"https:\/\/ostrowskatv.pl\/index.php?rest_route=\/wp\/v2\/posts\/10517","targetHints":{"allow":["GET"]}}],"collection":[{"href":"https:\/\/ostrowskatv.pl\/index.php?rest_route=\/wp\/v2\/posts"}],"about":[{"href":"https:\/\/ostrowskatv.pl\/index.php?rest_route=\/wp\/v2\/types\/post"}],"author":[{"embeddable":true,"href":"https:\/\/ostrowskatv.pl\/index.php?rest_route=\/wp\/v2\/users\/1"}],"replies":[{"embeddable":true,"href":"https:\/\/ostrowskatv.pl\/index.php?rest_route=%2Fwp%2Fv2%2Fcomments&post=10517"}],"version-history":[{"count":0,"href":"https:\/\/ostrowskatv.pl\/index.php?rest_route=\/wp\/v2\/posts\/10517\/revisions"}],"wp:featuredmedia":[{"embeddable":true,"href":"https:\/\/ostrowskatv.pl\/index.php?rest_route=\/wp\/v2\/media\/10516"}],"wp:attachment":[{"href":"https:\/\/ostrowskatv.pl\/index.php?rest_route=%2Fwp%2Fv2%2Fmedia&parent=10517"}],"wp:term":[{"taxonomy":"category","embeddable":true,"href":"https:\/\/ostrowskatv.pl\/index.php?rest_route=%2Fwp%2Fv2%2Fcategories&post=10517"},{"taxonomy":"post_tag","embeddable":true,"href":"https:\/\/ostrowskatv.pl\/index.php?rest_route=%2Fwp%2Fv2%2Ftags&post=10517"}],"curies":[{"name":"wp","href":"https:\/\/api.w.org\/{rel}","templated":true}]}}