{"id":10472,"date":"2019-10-09T19:42:11","date_gmt":"2019-10-09T18:42:11","guid":{"rendered":"http:\/\/ostrowska.tv\/?p=10472"},"modified":"2019-10-09T19:42:11","modified_gmt":"2019-10-09T18:42:11","slug":"malgorzata-kidawa-blonska-w-ostrowie-relacja","status":"publish","type":"post","link":"https:\/\/ostrowskatv.pl\/?p=10472","title":{"rendered":"Ma\u0142gorzata Kidawa-B\u0142o\u0144ska w Ostrowie &#8211; relacja"},"content":{"rendered":"<p><strong>Oko\u0142o 100 os\u00f3b przysz\u0142o na spotkanie z potencjaln\u0105 premier Ma\u0142gorzat\u0105 Kidaw\u0105-B\u0142o\u0144sk\u0105 z ramienia Koalicji Obywatelskiej. Podczas spotkania, kt\u00f3re rozpocz\u0119\u0142o si\u0119 z ponad godzinnym op\u00f3\u017anieniem, pani marsza\u0142ek zach\u0119ca\u0142a do wzi\u0119cia udzia\u0142u w wyborach. Przez kolejne kilkadziesi\u0105t minut odpowiada\u0142a na pytania zgromadzonych, g\u0142\u00f3wnie sympatyk\u00f3w Koalicji Obywatelskiej.<\/strong><\/p>\n<p>W\u015br\u00f3d pyta\u0144 pojawi\u0142y si\u0119 kwestie dotycz\u0105ce s\u0142u\u017cby zdrowia, uczelni wy\u017cszych czy opieki nad dzie\u0107mi niepe\u0142nosprawnymi. Od jednego z uczestnik\u00f3w spotkania pojawi\u0142a si\u0119 sugestia by w ostatnich dw\u00f3ch dniach kampanii po\u0142o\u017cy\u0107 nacisk na kwesti\u0119 zwierz\u0105t. Jego zdaniem kilkaset tysi\u0119cy os\u00f3b jest do zagospodarowania.<\/p>\n<p>Obecna na spotkaniu Krystiana Drozd stwierdzi\u0142a, \u017ce wed\u0142ug jej obserwacji nie uda\u0142o si\u0119 zach\u0119ci\u0107 m\u0142odzie\u017cy do udzia\u0142u w wyborach. Najcz\u0119\u015bciej wynika\u0142o to z faktu, \u017ce ich rodzice r\u00f3wnie\u017c nie g\u0142osuj\u0105. <\/p>\n<p>Podczas kolejnego spotkania wyborczego mo\u017cna by\u0142o odnie\u015b\u0107 wra\u017cenie, \u017ce ich przedstawiciele maj\u0105 bardzo wiele pomys\u0142\u00f3w, kt\u00f3rych z nieznanych przyczyn nie byli w stanie wdro\u017cy\u0107 np. w ci\u0105gu 8 lat rz\u0105dzenia.<\/p>\n<div id='gallery-1' class='gallery galleryid-10472 gallery-columns-3 gallery-size-thumbnail'><figure class='gallery-item'>\n\t\t\t<div class='gallery-icon landscape'>\n\t\t\t\t<a href='https:\/\/ostrowskatv.pl\/?attachment_id=10471'><img loading=\"lazy\" decoding=\"async\" width=\"150\" height=\"150\" src=\"https:\/\/ostrowskatv.pl\/wp-content\/uploads\/2019\/10\/IMG_20191009_182646-01-150x150.jpeg\" class=\"attachment-thumbnail size-thumbnail\" alt=\"\" \/><\/a>\n\t\t\t<\/div><\/figure><figure class='gallery-item'>\n\t\t\t<div class='gallery-icon landscape'>\n\t\t\t\t<a href='https:\/\/ostrowskatv.pl\/?attachment_id=10470'><img loading=\"lazy\" decoding=\"async\" width=\"150\" height=\"150\" src=\"https:\/\/ostrowskatv.pl\/wp-content\/uploads\/2019\/10\/IMG_20191009_182827-01-150x150.jpeg\" class=\"attachment-thumbnail size-thumbnail\" alt=\"\" \/><\/a>\n\t\t\t<\/div><\/figure>\n\t\t<\/div>\n\n","protected":false},"excerpt":{"rendered":"Oko\u0142o 100 os\u00f3b przysz\u0142o na spotkanie z potencjaln\u0105 premier Ma\u0142gorzat\u0105 Kidaw\u0105-B\u0142o\u0144sk\u0105 z ramienia Koalicji Obywatelskiej. Podczas spotkania, kt\u00f3re rozpocz\u0119\u0142o si\u0119 z ponad godzinnym \n<a class=\"moretag\" href=\"https:\/\/ostrowskatv.pl\/?p=10472\"> [...]<\/a>","protected":false},"author":1,"featured_media":10471,"comment_status":"open","ping_status":"closed","sticky":false,"template":"","format":"standard","meta":{"footnotes":""},"categories":[1],"tags":[2],"class_list":["post-10472","post","type-post","status-publish","format-standard","has-post-thumbnail","hentry","category-news","tag-ostrow-wielkopolski"],"_links":{"self":[{"href":"https:\/\/ostrowskatv.pl\/index.php?rest_route=\/wp\/v2\/posts\/10472","targetHints":{"allow":["GET"]}}],"collection":[{"href":"https:\/\/ostrowskatv.pl\/index.php?rest_route=\/wp\/v2\/posts"}],"about":[{"href":"https:\/\/ostrowskatv.pl\/index.php?rest_route=\/wp\/v2\/types\/post"}],"author":[{"embeddable":true,"href":"https:\/\/ostrowskatv.pl\/index.php?rest_route=\/wp\/v2\/users\/1"}],"replies":[{"embeddable":true,"href":"https:\/\/ostrowskatv.pl\/index.php?rest_route=%2Fwp%2Fv2%2Fcomments&post=10472"}],"version-history":[{"count":0,"href":"https:\/\/ostrowskatv.pl\/index.php?rest_route=\/wp\/v2\/posts\/10472\/revisions"}],"wp:featuredmedia":[{"embeddable":true,"href":"https:\/\/ostrowskatv.pl\/index.php?rest_route=\/wp\/v2\/media\/10471"}],"wp:attachment":[{"href":"https:\/\/ostrowskatv.pl\/index.php?rest_route=%2Fwp%2Fv2%2Fmedia&parent=10472"}],"wp:term":[{"taxonomy":"category","embeddable":true,"href":"https:\/\/ostrowskatv.pl\/index.php?rest_route=%2Fwp%2Fv2%2Fcategories&post=10472"},{"taxonomy":"post_tag","embeddable":true,"href":"https:\/\/ostrowskatv.pl\/index.php?rest_route=%2Fwp%2Fv2%2Ftags&post=10472"}],"curies":[{"name":"wp","href":"https:\/\/api.w.org\/{rel}","templated":true}]}}