{"id":10468,"date":"2019-10-09T13:24:42","date_gmt":"2019-10-09T12:24:42","guid":{"rendered":"http:\/\/ostrowska.tv\/?p=10468"},"modified":"2019-10-09T13:24:42","modified_gmt":"2019-10-09T12:24:42","slug":"mieszkancy-przeciwko-gesiarni","status":"publish","type":"post","link":"https:\/\/ostrowskatv.pl\/?p=10468","title":{"rendered":"Mieszka\u0144cy przeciwko g\u0119siarni"},"content":{"rendered":"<p><strong>Mieszka\u0144cy Jankowa Przygodzkiego protestuj\u0105 przeciwko powstaniu g\u0119siarni na terenie ich so\u0142ectwa. S\u0119k w tym, \u017ce mury ju\u017c stoj\u0105. Jak twierdz\u0105, wszystko przez b\u0142\u0105d Samorz\u0105dowego Kolegium Odwo\u0142awczego w Kaliszu, kt\u00f3re wys\u0142a\u0142o pismo pod b\u0142\u0119dny adres kancelarii reprezentuj\u0105cej interes mieszka\u0144c\u00f3w. Wcze\u015bniej skutecznie odwo\u0142ali si\u0119 do Wojew\u00f3dzkiego i Naczelnego S\u0105du Administracyjnego.<\/strong><\/p>\n<p>G\u0119siarnia ma powierzchni\u0119 oko\u0142o 1600 m2. W jej murach mo\u017ce by\u0107 hodowane 3750 sztuk drobiu. Wynika to z przelicznika Du\u017cej Jednostki Przeliczeniowej, wg kt\u00f3rej 1 krowa to 1 jednostka, a jedna g\u0119\u015b to 0,008 DJP. <\/p>\n<p>Mieszka\u0144cy posesji zlokalizowanych 500 metr\u00f3w od inwestycji podnosz\u0105 zarzuty, \u017ce od\u00f3r z g\u0119siarni wp\u0142ynie negatywnie na ich s\u0105siedztwo. Dodatkowo z g\u0119siarni mo\u017ce wydostawa\u0107 si\u0119 wiele pi\u00f3r drobiu, zanieczyszczaj\u0105c okolic\u0119. Protestuj\u0105cy m\u00f3wili tak\u017ce o obszarze Natura 2000, a tak\u017ce o uj\u0119ciach wody znajduj\u0105cych si\u0119 raptem na g\u0142\u0119boko\u015bci 200 metr\u00f3w. Ich zdaniem woda mo\u017ce zosta\u0107 ska\u017cona.<\/p>\n<p>Obecnie kancelaria reprezentuj\u0105ca mieszka\u0144c\u00f3w pisze odwo\u0142anie od b\u0142\u0119dnej decyzji SKO. <\/p>\n<div id='gallery-1' class='gallery galleryid-10468 gallery-columns-3 gallery-size-thumbnail'><figure class='gallery-item'>\n\t\t\t<div class='gallery-icon landscape'>\n\t\t\t\t<a href='https:\/\/ostrowskatv.pl\/?attachment_id=10467'><img loading=\"lazy\" decoding=\"async\" width=\"150\" height=\"150\" src=\"https:\/\/ostrowskatv.pl\/wp-content\/uploads\/2019\/10\/IMG_20191009_113131-01-150x150.jpeg\" class=\"attachment-thumbnail size-thumbnail\" alt=\"\" \/><\/a>\n\t\t\t<\/div><\/figure><figure class='gallery-item'>\n\t\t\t<div class='gallery-icon landscape'>\n\t\t\t\t<a href='https:\/\/ostrowskatv.pl\/?attachment_id=10466'><img loading=\"lazy\" decoding=\"async\" width=\"150\" height=\"150\" src=\"https:\/\/ostrowskatv.pl\/wp-content\/uploads\/2019\/10\/IMG_20191009_114007-01-150x150.jpeg\" class=\"attachment-thumbnail size-thumbnail\" alt=\"\" \/><\/a>\n\t\t\t<\/div><\/figure><figure class='gallery-item'>\n\t\t\t<div class='gallery-icon landscape'>\n\t\t\t\t<a href='https:\/\/ostrowskatv.pl\/?attachment_id=10465'><img loading=\"lazy\" decoding=\"async\" width=\"150\" height=\"150\" src=\"https:\/\/ostrowskatv.pl\/wp-content\/uploads\/2019\/10\/IMG_20191009_110156-01-150x150.jpeg\" class=\"attachment-thumbnail size-thumbnail\" alt=\"\" \/><\/a>\n\t\t\t<\/div><\/figure><figure class='gallery-item'>\n\t\t\t<div class='gallery-icon landscape'>\n\t\t\t\t<a href='https:\/\/ostrowskatv.pl\/?attachment_id=10464'><img loading=\"lazy\" decoding=\"async\" width=\"150\" height=\"150\" src=\"https:\/\/ostrowskatv.pl\/wp-content\/uploads\/2019\/10\/IMG_20191009_113326-01-150x150.jpeg\" class=\"attachment-thumbnail size-thumbnail\" alt=\"\" \/><\/a>\n\t\t\t<\/div><\/figure>\n\t\t<\/div>\n\n","protected":false},"excerpt":{"rendered":"Mieszka\u0144cy Jankowa Przygodzkiego protestuj\u0105 przeciwko powstaniu g\u0119siarni na terenie ich so\u0142ectwa. S\u0119k w tym, \u017ce mury ju\u017c stoj\u0105. Jak twierdz\u0105, wszystko przez b\u0142\u0105d \n<a class=\"moretag\" href=\"https:\/\/ostrowskatv.pl\/?p=10468\"> [...]<\/a>","protected":false},"author":1,"featured_media":10467,"comment_status":"open","ping_status":"closed","sticky":false,"template":"","format":"standard","meta":{"footnotes":""},"categories":[1],"tags":[94],"class_list":["post-10468","post","type-post","status-publish","format-standard","has-post-thumbnail","hentry","category-news","tag-jankow-przygodzki"],"_links":{"self":[{"href":"https:\/\/ostrowskatv.pl\/index.php?rest_route=\/wp\/v2\/posts\/10468","targetHints":{"allow":["GET"]}}],"collection":[{"href":"https:\/\/ostrowskatv.pl\/index.php?rest_route=\/wp\/v2\/posts"}],"about":[{"href":"https:\/\/ostrowskatv.pl\/index.php?rest_route=\/wp\/v2\/types\/post"}],"author":[{"embeddable":true,"href":"https:\/\/ostrowskatv.pl\/index.php?rest_route=\/wp\/v2\/users\/1"}],"replies":[{"embeddable":true,"href":"https:\/\/ostrowskatv.pl\/index.php?rest_route=%2Fwp%2Fv2%2Fcomments&post=10468"}],"version-history":[{"count":0,"href":"https:\/\/ostrowskatv.pl\/index.php?rest_route=\/wp\/v2\/posts\/10468\/revisions"}],"wp:featuredmedia":[{"embeddable":true,"href":"https:\/\/ostrowskatv.pl\/index.php?rest_route=\/wp\/v2\/media\/10467"}],"wp:attachment":[{"href":"https:\/\/ostrowskatv.pl\/index.php?rest_route=%2Fwp%2Fv2%2Fmedia&parent=10468"}],"wp:term":[{"taxonomy":"category","embeddable":true,"href":"https:\/\/ostrowskatv.pl\/index.php?rest_route=%2Fwp%2Fv2%2Fcategories&post=10468"},{"taxonomy":"post_tag","embeddable":true,"href":"https:\/\/ostrowskatv.pl\/index.php?rest_route=%2Fwp%2Fv2%2Ftags&post=10468"}],"curies":[{"name":"wp","href":"https:\/\/api.w.org\/{rel}","templated":true}]}}