{"id":10434,"date":"2019-09-30T11:29:36","date_gmt":"2019-09-30T10:29:36","guid":{"rendered":"http:\/\/ostrowska.tv\/?p=10434"},"modified":"2019-09-30T11:29:36","modified_gmt":"2019-09-30T10:29:36","slug":"drzewo-uszkodzilo-dach-w-przygodzicach","status":"publish","type":"post","link":"https:\/\/ostrowskatv.pl\/?p=10434","title":{"rendered":"Drzewo uszkodzi\u0142o dach w Przygodzicach"},"content":{"rendered":"<p><strong>W wyniku porywistego wiatru dosz\u0142o do przewr\u00f3cenia si\u0119 drzewa. Brzoza uszkodzi\u0142a fragment dachu i elewacj\u0119 budynku. Konieczne by\u0142o wezwanie stra\u017cy po\u017carnej, kt\u00f3ra usun\u0119\u0142a drzewo i zabezpieczy\u0142a dach. <\/strong><\/p>\n<div id='gallery-1' class='gallery galleryid-10434 gallery-columns-3 gallery-size-thumbnail'><figure class='gallery-item'>\n\t\t\t<div class='gallery-icon portrait'>\n\t\t\t\t<a href='https:\/\/ostrowskatv.pl\/?attachment_id=10433'><img loading=\"lazy\" decoding=\"async\" width=\"150\" height=\"150\" src=\"https:\/\/ostrowskatv.pl\/wp-content\/uploads\/2019\/09\/IMG_20190930_121635-01-150x150.jpeg\" class=\"attachment-thumbnail size-thumbnail\" alt=\"\" \/><\/a>\n\t\t\t<\/div><\/figure>\n\t\t<\/div>\n\n","protected":false},"excerpt":{"rendered":"W wyniku porywistego wiatru dosz\u0142o do przewr\u00f3cenia si\u0119 drzewa. Brzoza uszkodzi\u0142a fragment dachu i elewacj\u0119 budynku. Konieczne by\u0142o wezwanie stra\u017cy po\u017carnej, kt\u00f3ra usun\u0119\u0142a \n<a class=\"moretag\" href=\"https:\/\/ostrowskatv.pl\/?p=10434\"> [...]<\/a>","protected":false},"author":1,"featured_media":10433,"comment_status":"open","ping_status":"closed","sticky":false,"template":"","format":"standard","meta":{"footnotes":""},"categories":[1],"tags":[27],"class_list":["post-10434","post","type-post","status-publish","format-standard","has-post-thumbnail","hentry","category-news","tag-przygodzice"],"_links":{"self":[{"href":"https:\/\/ostrowskatv.pl\/index.php?rest_route=\/wp\/v2\/posts\/10434","targetHints":{"allow":["GET"]}}],"collection":[{"href":"https:\/\/ostrowskatv.pl\/index.php?rest_route=\/wp\/v2\/posts"}],"about":[{"href":"https:\/\/ostrowskatv.pl\/index.php?rest_route=\/wp\/v2\/types\/post"}],"author":[{"embeddable":true,"href":"https:\/\/ostrowskatv.pl\/index.php?rest_route=\/wp\/v2\/users\/1"}],"replies":[{"embeddable":true,"href":"https:\/\/ostrowskatv.pl\/index.php?rest_route=%2Fwp%2Fv2%2Fcomments&post=10434"}],"version-history":[{"count":0,"href":"https:\/\/ostrowskatv.pl\/index.php?rest_route=\/wp\/v2\/posts\/10434\/revisions"}],"wp:featuredmedia":[{"embeddable":true,"href":"https:\/\/ostrowskatv.pl\/index.php?rest_route=\/wp\/v2\/media\/10433"}],"wp:attachment":[{"href":"https:\/\/ostrowskatv.pl\/index.php?rest_route=%2Fwp%2Fv2%2Fmedia&parent=10434"}],"wp:term":[{"taxonomy":"category","embeddable":true,"href":"https:\/\/ostrowskatv.pl\/index.php?rest_route=%2Fwp%2Fv2%2Fcategories&post=10434"},{"taxonomy":"post_tag","embeddable":true,"href":"https:\/\/ostrowskatv.pl\/index.php?rest_route=%2Fwp%2Fv2%2Ftags&post=10434"}],"curies":[{"name":"wp","href":"https:\/\/api.w.org\/{rel}","templated":true}]}}