{"id":10425,"date":"2019-09-30T10:42:21","date_gmt":"2019-09-30T09:42:21","guid":{"rendered":"http:\/\/ostrowska.tv\/?p=10425"},"modified":"2019-09-30T10:48:30","modified_gmt":"2019-09-30T09:48:30","slug":"potracenie-na-al-slowackiego-ladowal-lpr","status":"publish","type":"post","link":"https:\/\/ostrowskatv.pl\/?p=10425","title":{"rendered":"Potr\u0105cenie na Al. S\u0142owackiego. L\u0105dowa\u0142 LPR"},"content":{"rendered":"<p><strong>Po godzinie 11.00 dosz\u0142o do potr\u0105cenia oko\u0142o 35-letniego m\u0119\u017cczyzny na Alei S\u0142owackiego w Ostrowie Wielkopolskim. Pieszy przechodzi\u0142 od strony firmy Spomasz po pasach. Na prawym pasie zatrzyma\u0142y si\u0119 auta, a kierowca Mercedesa jad\u0105c lewym pasem potr\u0105ci\u0142 m\u0119\u017cczyzn\u0119.<\/strong><\/p>\n<p>Z uwagi na brak wolnej karetki zadysponowano \u015bmig\u0142owiec LPR, chocia\u017c szpital by\u0142 w zasi\u0119gu wzroku.\u00a0<\/p>\n<p>Pierwsi na miejsce dojechali stra\u017cacy, kt\u00f3rzy wsp\u00f3lnie z ratownikiem medycznym, b\u0119d\u0105cym poza prac\u0105, udzielili pierwszej pomocy.<\/p>\n<p>\u015amig\u0142owiec wyl\u0105dowa\u0142 na pobliskim polu. Poszkodowanego z urazem nogi zabrano \u015bmig\u0142owcem do szpitala.<\/p>\n<div id='gallery-1' class='gallery galleryid-10425 gallery-columns-3 gallery-size-thumbnail'><figure class='gallery-item'>\n\t\t\t<div class='gallery-icon portrait'>\n\t\t\t\t<a href='https:\/\/ostrowskatv.pl\/?attachment_id=10429'><img loading=\"lazy\" decoding=\"async\" width=\"150\" height=\"150\" src=\"https:\/\/ostrowskatv.pl\/wp-content\/uploads\/2019\/09\/IMG_20190930_113031-01-150x150.jpeg\" class=\"attachment-thumbnail size-thumbnail\" alt=\"\" \/><\/a>\n\t\t\t<\/div><\/figure><figure class='gallery-item'>\n\t\t\t<div class='gallery-icon landscape'>\n\t\t\t\t<a href='https:\/\/ostrowskatv.pl\/?attachment_id=10427'><img loading=\"lazy\" decoding=\"async\" width=\"150\" height=\"150\" src=\"https:\/\/ostrowskatv.pl\/wp-content\/uploads\/2019\/09\/IMG_20190930_112809-01-150x150.jpeg\" class=\"attachment-thumbnail size-thumbnail\" alt=\"\" \/><\/a>\n\t\t\t<\/div><\/figure><figure class='gallery-item'>\n\t\t\t<div class='gallery-icon landscape'>\n\t\t\t\t<a href='https:\/\/ostrowskatv.pl\/?attachment_id=10426'><img loading=\"lazy\" decoding=\"async\" width=\"150\" height=\"150\" src=\"https:\/\/ostrowskatv.pl\/wp-content\/uploads\/2019\/09\/IMG_20190930_113228-01-150x150.jpeg\" class=\"attachment-thumbnail size-thumbnail\" alt=\"\" \/><\/a>\n\t\t\t<\/div><\/figure><figure class='gallery-item'>\n\t\t\t<div class='gallery-icon landscape'>\n\t\t\t\t<a href='https:\/\/ostrowskatv.pl\/?attachment_id=10430'><img loading=\"lazy\" decoding=\"async\" width=\"150\" height=\"150\" src=\"https:\/\/ostrowskatv.pl\/wp-content\/uploads\/2019\/09\/IMG_20190930_113155-01-150x150.jpeg\" class=\"attachment-thumbnail size-thumbnail\" alt=\"\" \/><\/a>\n\t\t\t<\/div><\/figure>\n\t\t<\/div>\n\n","protected":false},"excerpt":{"rendered":"Po godzinie 11.00 dosz\u0142o do potr\u0105cenia oko\u0142o 35-letniego m\u0119\u017cczyzny na Alei S\u0142owackiego w Ostrowie Wielkopolskim. Pieszy przechodzi\u0142 od strony firmy Spomasz po pasach. \n<a class=\"moretag\" href=\"https:\/\/ostrowskatv.pl\/?p=10425\"> [...]<\/a>","protected":false},"author":1,"featured_media":10430,"comment_status":"open","ping_status":"closed","sticky":false,"template":"","format":"standard","meta":{"footnotes":""},"categories":[1],"tags":[2],"class_list":["post-10425","post","type-post","status-publish","format-standard","has-post-thumbnail","hentry","category-news","tag-ostrow-wielkopolski"],"_links":{"self":[{"href":"https:\/\/ostrowskatv.pl\/index.php?rest_route=\/wp\/v2\/posts\/10425","targetHints":{"allow":["GET"]}}],"collection":[{"href":"https:\/\/ostrowskatv.pl\/index.php?rest_route=\/wp\/v2\/posts"}],"about":[{"href":"https:\/\/ostrowskatv.pl\/index.php?rest_route=\/wp\/v2\/types\/post"}],"author":[{"embeddable":true,"href":"https:\/\/ostrowskatv.pl\/index.php?rest_route=\/wp\/v2\/users\/1"}],"replies":[{"embeddable":true,"href":"https:\/\/ostrowskatv.pl\/index.php?rest_route=%2Fwp%2Fv2%2Fcomments&post=10425"}],"version-history":[{"count":0,"href":"https:\/\/ostrowskatv.pl\/index.php?rest_route=\/wp\/v2\/posts\/10425\/revisions"}],"wp:featuredmedia":[{"embeddable":true,"href":"https:\/\/ostrowskatv.pl\/index.php?rest_route=\/wp\/v2\/media\/10430"}],"wp:attachment":[{"href":"https:\/\/ostrowskatv.pl\/index.php?rest_route=%2Fwp%2Fv2%2Fmedia&parent=10425"}],"wp:term":[{"taxonomy":"category","embeddable":true,"href":"https:\/\/ostrowskatv.pl\/index.php?rest_route=%2Fwp%2Fv2%2Fcategories&post=10425"},{"taxonomy":"post_tag","embeddable":true,"href":"https:\/\/ostrowskatv.pl\/index.php?rest_route=%2Fwp%2Fv2%2Ftags&post=10425"}],"curies":[{"name":"wp","href":"https:\/\/api.w.org\/{rel}","templated":true}]}}