{"id":10416,"date":"2019-09-29T15:03:46","date_gmt":"2019-09-29T14:03:46","guid":{"rendered":"http:\/\/ostrowska.tv\/?p=10416"},"modified":"2019-09-29T15:05:43","modified_gmt":"2019-09-29T14:05:43","slug":"schetyna-w-ostrowie-na-konwencji-poko","status":"publish","type":"post","link":"https:\/\/ostrowskatv.pl\/?p=10416","title":{"rendered":"Schetyna w Ostrowie na konwencji POKO"},"content":{"rendered":"<p><strong>Przewodnicz\u0105cy Platformy Obywatelskiej Grzegorz Schetyna wyst\u0105pi\u0142 na regionalnej konwencji Platformy Obywatelskiej Koalicji Obywatelskiej, zorganizowanej w Ostrowie Wielkopolskim w budynku dawnej biblioteki przy ul. Wolno\u015bci. Poza nim przybyli kandydaci do Sejmu i Senatu z okr\u0119gu kalisko-leszczy\u0144skiego.<\/strong><\/p>\n<p>Obecno\u015b\u0107 Grzegorza Schetyny potwierdzi\u0142a w jak dobrych relacjach jest z Jaros\u0142awem Urbaniakiem. Ten natomiast, jako prowadz\u0105cy nie da\u0142 doj\u015b\u0107 do g\u0142osu Milenie Kowalskiej, kt\u00f3ra z 6. miejsca rywalizuje na tej samej li\u015bcie. Teoretycznie oboje graj\u0105 do tej samej bramki, ale jak wida\u0107 Urbaniak nie jest pewien dobrego wyniku, nawet po za\u0142atwieniu sobie wysokiego, drugiego miejsca na li\u015bcie.<\/p>\n<p>Zdaniem przedstawicieli POKO, wybory, kt\u00f3re odb\u0119d\u0105 si\u0119 13 pa\u017adziernika b\u0119d\u0105 najwa\u017cniejsze od 30 lat. Jak dodaj\u0105, ogrom zniszcze\u0144 zobaczymy po wyborach. W\u015br\u00f3d nich takie jak: niezawis\u0142o\u015b\u0107 s\u0105d\u00f3w czy niezale\u017cna prokuratura.<\/p>\n<p>Platforma Obywatelska zapewnia przed wyborami, \u017ce znalaz\u0142a pomys\u0142 na uzdrowienie s\u0142u\u017cby zdrowia, kt\u00f3rego nie bardzo by\u0142o wida\u0107 podczas 8 lat ich rz\u0105dzenia. Przekonywali, \u017ce zacz\u0119li dostrzega\u0107 senior\u00f3w. Maj\u0105 dla nich ca\u0142y pakiet. &#8211; To nie mo\u017ce by\u0107 rozpisywane tylko w okresie kampanii wyborczej. &#8211; zarzeka\u0142 si\u0119 Grzegorz Schetyna.<\/p>\n<p>Kandydaci z ramienia POKO dostrzegli tak\u017ce problem smogu. Tu warto zaznaczy\u0107, \u017ce pierwszym, kt\u00f3ry zwr\u00f3ci\u0142 uwag\u0119 na to zjawisko by\u0142 apolityczny Ryszard Chmielina z Ostrowa Wielkopolskiego, promuj\u0105c zak\u0142adanie czujnik\u00f3w na terenie naszego miasta. Dopiero po d\u0142ugim czasie temat trafi\u0142 do mass medi\u00f3w.<\/p>\n<p>Warto doda\u0107, \u017ce Trybuna\u0142 Sprawiedliwo\u015bci Unii Europejskiej orzek\u0142, \u017ce za czas\u00f3w Platformy Obywatelskiej w spos\u00f3b ci\u0105g\u0142y mieszka\u0144cy nara\u017ceni byli na szkodliwo\u015b\u0107 smogu. W wyroku wymienia si\u0119 nawet rejon ostrowsko-k\u0119pi\u0144ski. <a href=\"https:\/\/e-prawnik.pl\/informacje\/wyrok-tsue-ws--jakosci-powietrza.html\"><strong>https:\/\/e-prawnik.pl\/informacje\/wyrok-tsue-ws&#8211;jakosci-powietrza.html<\/strong><\/a><\/p>\n<p>Zdaniem Grzegorza Schetyny to Prawo i Sprawiedliwo\u015b\u0107 jest parti\u0105 pe\u0142n\u0105 afer. Wymieni\u0142 m.in. &#8222;ministerstwo hejtu&#8221;, a tymczasem w warszawskim ratuszu jest inicjator profilu na Facebooku &#8222;Sok z buraka&#8221;. Mimo to w\u0142adze Platformy Obywatelskiej zapewniaj\u0105, \u017ce to oni s\u0105 przeciwni hejtowi.<\/p>\n<p>Schetyna stwierdzi\u0142, \u017ce &#8222;W ostatnim czasie widzimy propagand\u0119. Starsi pami\u0119taj\u0105 komunistyczna propagand\u0119. Ja my\u015bl\u0119, \u017ce tamtejsi specjali\u015bci mogliby dzisiaj uczy\u0107 si\u0119 od obecnej w\u0142adzy.&#8221;<br \/>\nPolacy potrzebuj\u0105 dobrej w\u0142adzy. \u017beby zaufanie do w\u0142adzy odbudowa\u0107. Chc\u0105 wierzy\u0107 tym, kt\u00f3rych wybieraj\u0105 tak jak w samorz\u0105dzie. Dzisiaj ta aferalna w\u0142adza jest oderwania od rzeczywisto\u015bci. Udaje \u017ce rzeczywisto\u015b\u0107 jest inna. To s\u0105 kluczowe wybory.&#8221;<\/p>\n<p>Rafa\u0142 Grupi\u0144ski (szef PO w Wielkopolsce): &#8211; PiS to druga po 1945 roku partia kt\u00f3ra u\u017cywa k\u0142amstwa do sterowania nastrojami spo\u0142ecznymi.<br \/>\n\u015awiat, w kt\u00f3rym \u017cyjemy, to Kaczy\u0144ski, kt\u00f3ry le\u017cy i odpoczywa na rosyjskim w\u0119glu.<\/p>\n<p>Mariusz Witczak powiedzia\u0142, \u017ce dobrze jest w TVP, ale jutro mo\u017ce by\u0107 lepsze. PiS wygasi\u0142 inwestycje w okr\u0119gu kalisko-leszczy\u0144skim. Zosta\u0142y wybudowane w kryzysie obwodnice. Chcemy budowa\u0107 S11 i S12.<br \/>\nJak wygramy to zbudujemy czteropasmowe po\u0142\u0105czenie aglomeracyjne pomi\u0119dzy Ostrowem, a Kaliszem.<\/p>\n<p>Bo\u017cena Henczyca zwi\u0105zana z K\u0119pnem stwierdzi\u0142a, \u017ce wybory odb\u0119d\u0105 si\u0119 13 listopada. Po chwili si\u0119 poprawi\u0142a, \u017ce jednak w pa\u017adzierniku. P\u00f3\u017aniej speszonym g\u0142osem m\u00f3wi\u0142a, \u017ce zwyci\u0119skie powstanie by\u0142o&#8230; po podpowiedzi koleg\u00f3w z partii doko\u0144czy\u0142a, \u017ce wielkopolskie.<\/p>\n<p>Ewa Matecka, kandydatka do Senatu nie zgadza si\u0119, \u017ceby PiS rujnowa\u0142 polsk\u0105 gospodark\u0119.<\/p>\n<div id='gallery-1' class='gallery galleryid-10416 gallery-columns-3 gallery-size-thumbnail'><figure class='gallery-item'>\n\t\t\t<div class='gallery-icon landscape'>\n\t\t\t\t<a href='https:\/\/ostrowskatv.pl\/?attachment_id=10415'><img loading=\"lazy\" decoding=\"async\" width=\"150\" height=\"150\" src=\"https:\/\/ostrowskatv.pl\/wp-content\/uploads\/2019\/09\/IMG_20190929_094819-01-150x150.jpeg\" class=\"attachment-thumbnail size-thumbnail\" alt=\"\" \/><\/a>\n\t\t\t<\/div><\/figure><figure class='gallery-item'>\n\t\t\t<div class='gallery-icon landscape'>\n\t\t\t\t<a href='https:\/\/ostrowskatv.pl\/?attachment_id=10414'><img loading=\"lazy\" decoding=\"async\" width=\"150\" height=\"150\" src=\"https:\/\/ostrowskatv.pl\/wp-content\/uploads\/2019\/09\/IMG_20190929_101503-01-150x150.jpeg\" class=\"attachment-thumbnail size-thumbnail\" alt=\"\" \/><\/a>\n\t\t\t<\/div><\/figure><figure class='gallery-item'>\n\t\t\t<div class='gallery-icon landscape'>\n\t\t\t\t<a href='https:\/\/ostrowskatv.pl\/?attachment_id=10413'><img loading=\"lazy\" decoding=\"async\" width=\"150\" height=\"150\" src=\"https:\/\/ostrowskatv.pl\/wp-content\/uploads\/2019\/09\/IMG_20190929_094832-01-150x150.jpeg\" class=\"attachment-thumbnail size-thumbnail\" alt=\"\" \/><\/a>\n\t\t\t<\/div><\/figure>\n\t\t<\/div>\n\n","protected":false},"excerpt":{"rendered":"Przewodnicz\u0105cy Platformy Obywatelskiej Grzegorz Schetyna wyst\u0105pi\u0142 na regionalnej konwencji Platformy Obywatelskiej Koalicji Obywatelskiej, zorganizowanej w Ostrowie Wielkopolskim w budynku dawnej biblioteki przy ul. \n<a class=\"moretag\" href=\"https:\/\/ostrowskatv.pl\/?p=10416\"> [...]<\/a>","protected":false},"author":1,"featured_media":10414,"comment_status":"open","ping_status":"closed","sticky":false,"template":"","format":"standard","meta":{"footnotes":""},"categories":[1],"tags":[2],"class_list":["post-10416","post","type-post","status-publish","format-standard","has-post-thumbnail","hentry","category-news","tag-ostrow-wielkopolski"],"_links":{"self":[{"href":"https:\/\/ostrowskatv.pl\/index.php?rest_route=\/wp\/v2\/posts\/10416","targetHints":{"allow":["GET"]}}],"collection":[{"href":"https:\/\/ostrowskatv.pl\/index.php?rest_route=\/wp\/v2\/posts"}],"about":[{"href":"https:\/\/ostrowskatv.pl\/index.php?rest_route=\/wp\/v2\/types\/post"}],"author":[{"embeddable":true,"href":"https:\/\/ostrowskatv.pl\/index.php?rest_route=\/wp\/v2\/users\/1"}],"replies":[{"embeddable":true,"href":"https:\/\/ostrowskatv.pl\/index.php?rest_route=%2Fwp%2Fv2%2Fcomments&post=10416"}],"version-history":[{"count":0,"href":"https:\/\/ostrowskatv.pl\/index.php?rest_route=\/wp\/v2\/posts\/10416\/revisions"}],"wp:featuredmedia":[{"embeddable":true,"href":"https:\/\/ostrowskatv.pl\/index.php?rest_route=\/wp\/v2\/media\/10414"}],"wp:attachment":[{"href":"https:\/\/ostrowskatv.pl\/index.php?rest_route=%2Fwp%2Fv2%2Fmedia&parent=10416"}],"wp:term":[{"taxonomy":"category","embeddable":true,"href":"https:\/\/ostrowskatv.pl\/index.php?rest_route=%2Fwp%2Fv2%2Fcategories&post=10416"},{"taxonomy":"post_tag","embeddable":true,"href":"https:\/\/ostrowskatv.pl\/index.php?rest_route=%2Fwp%2Fv2%2Ftags&post=10416"}],"curies":[{"name":"wp","href":"https:\/\/api.w.org\/{rel}","templated":true}]}}