{"id":10398,"date":"2019-09-28T08:50:01","date_gmt":"2019-09-28T07:50:01","guid":{"rendered":"http:\/\/ostrowska.tv\/?p=10398"},"modified":"2019-09-28T08:50:01","modified_gmt":"2019-09-28T07:50:01","slug":"zderzenie-mazdy-i-volkswagena-na-okolnej-kwiatowej","status":"publish","type":"post","link":"https:\/\/ostrowskatv.pl\/?p=10398","title":{"rendered":"Zderzenie Mazdy i Volkswagena na Ok\u00f3lnej &#8211; Kwiatowej"},"content":{"rendered":"<p><strong>Na skrzy\u017cowaniu ulic Ok\u00f3lnej i Kwiatowej dosz\u0142o do zderzenia Volkswagena i Mazdy. Kieruj\u0105ca Mazd\u0105 zosta\u0142a poszkodowana.\u00a0<\/strong><\/p>\n<p>M\u0119\u017cczyzna z powiatu ostrowskiego jad\u0105c Volkswagenem nie ust\u0105pi\u0142 pierwsze\u0144stwa i uderzy\u0142 w bok Mazdy, kt\u00f3r\u0105 kierowa\u0142a oko\u0142o 55-letnia kobieta. Poszkodowan\u0105 zabrano na noszach do karetki i przewieziono do szpitala.<\/p>\n<div id='gallery-1' class='gallery galleryid-10398 gallery-columns-3 gallery-size-thumbnail'><figure class='gallery-item'>\n\t\t\t<div class='gallery-icon landscape'>\n\t\t\t\t<a href='https:\/\/ostrowskatv.pl\/?attachment_id=10399'><img loading=\"lazy\" decoding=\"async\" width=\"150\" height=\"150\" src=\"https:\/\/ostrowskatv.pl\/wp-content\/uploads\/2019\/09\/IMG_20190928_092308-02-150x150.jpeg\" class=\"attachment-thumbnail size-thumbnail\" alt=\"\" \/><\/a>\n\t\t\t<\/div><\/figure><figure class='gallery-item'>\n\t\t\t<div class='gallery-icon landscape'>\n\t\t\t\t<a href='https:\/\/ostrowskatv.pl\/?attachment_id=10400'><img loading=\"lazy\" decoding=\"async\" width=\"150\" height=\"150\" src=\"https:\/\/ostrowskatv.pl\/wp-content\/uploads\/2019\/09\/IMG_20190928_092558-01-150x150.jpeg\" class=\"attachment-thumbnail size-thumbnail\" alt=\"\" \/><\/a>\n\t\t\t<\/div><\/figure><figure class='gallery-item'>\n\t\t\t<div class='gallery-icon landscape'>\n\t\t\t\t<a href='https:\/\/ostrowskatv.pl\/?attachment_id=10401'><img loading=\"lazy\" decoding=\"async\" width=\"150\" height=\"150\" src=\"https:\/\/ostrowskatv.pl\/wp-content\/uploads\/2019\/09\/IMG_20190928_092926-01-150x150.jpeg\" class=\"attachment-thumbnail size-thumbnail\" alt=\"\" \/><\/a>\n\t\t\t<\/div><\/figure>\n\t\t<\/div>\n\n","protected":false},"excerpt":{"rendered":"Na skrzy\u017cowaniu ulic Ok\u00f3lnej i Kwiatowej dosz\u0142o do zderzenia Volkswagena i Mazdy. Kieruj\u0105ca Mazd\u0105 zosta\u0142a poszkodowana.\u00a0 M\u0119\u017cczyzna z powiatu ostrowskiego jad\u0105c Volkswagenem nie \n<a class=\"moretag\" href=\"https:\/\/ostrowskatv.pl\/?p=10398\"> [...]<\/a>","protected":false},"author":1,"featured_media":10399,"comment_status":"open","ping_status":"closed","sticky":false,"template":"","format":"standard","meta":{"footnotes":""},"categories":[1],"tags":[2],"class_list":["post-10398","post","type-post","status-publish","format-standard","has-post-thumbnail","hentry","category-news","tag-ostrow-wielkopolski"],"_links":{"self":[{"href":"https:\/\/ostrowskatv.pl\/index.php?rest_route=\/wp\/v2\/posts\/10398","targetHints":{"allow":["GET"]}}],"collection":[{"href":"https:\/\/ostrowskatv.pl\/index.php?rest_route=\/wp\/v2\/posts"}],"about":[{"href":"https:\/\/ostrowskatv.pl\/index.php?rest_route=\/wp\/v2\/types\/post"}],"author":[{"embeddable":true,"href":"https:\/\/ostrowskatv.pl\/index.php?rest_route=\/wp\/v2\/users\/1"}],"replies":[{"embeddable":true,"href":"https:\/\/ostrowskatv.pl\/index.php?rest_route=%2Fwp%2Fv2%2Fcomments&post=10398"}],"version-history":[{"count":0,"href":"https:\/\/ostrowskatv.pl\/index.php?rest_route=\/wp\/v2\/posts\/10398\/revisions"}],"wp:featuredmedia":[{"embeddable":true,"href":"https:\/\/ostrowskatv.pl\/index.php?rest_route=\/wp\/v2\/media\/10399"}],"wp:attachment":[{"href":"https:\/\/ostrowskatv.pl\/index.php?rest_route=%2Fwp%2Fv2%2Fmedia&parent=10398"}],"wp:term":[{"taxonomy":"category","embeddable":true,"href":"https:\/\/ostrowskatv.pl\/index.php?rest_route=%2Fwp%2Fv2%2Fcategories&post=10398"},{"taxonomy":"post_tag","embeddable":true,"href":"https:\/\/ostrowskatv.pl\/index.php?rest_route=%2Fwp%2Fv2%2Ftags&post=10398"}],"curies":[{"name":"wp","href":"https:\/\/api.w.org\/{rel}","templated":true}]}}