{"id":10394,"date":"2019-09-27T17:57:30","date_gmt":"2019-09-27T16:57:30","guid":{"rendered":"http:\/\/ostrowska.tv\/?p=10394"},"modified":"2019-09-27T17:59:24","modified_gmt":"2019-09-27T16:59:24","slug":"saperzy-w-lesie-kolo-lamek-co-znalezli","status":"publish","type":"post","link":"https:\/\/ostrowskatv.pl\/?p=10394","title":{"rendered":"Saperzy w lesie ko\u0142o Lamek. Co znale\u017ali?"},"content":{"rendered":"<p><strong>Patrol saperski z G\u0142ogowa przyjecha\u0142 do lasu ko\u0142o Lamek. Powodem by\u0142o znalezienie niewybuch\u00f3w z czas\u00f3w II Wojny \u015awiatowej.<\/strong><\/p>\n<p>Tym razem znaleziono 4 granaty mo\u017adzierzowe 80 mm. Zosta\u0142y one znalezione w \u015brodku lasu. Po zabezpieczeniu zosta\u0142y zawiezione na poligon, gdzie zostan\u0105 zdetonowane.<\/p>\n<p>W tym samym lesie w marcu 2016 r. odkryto 50 sztuk niewybuch\u00f3w. Zapewne ten las skrywa jeszcze wiele &#8222;pami\u0105tek&#8221; z czas\u00f3w II Wojny \u015awiatowej.<\/p>\n","protected":false},"excerpt":{"rendered":"Patrol saperski z G\u0142ogowa przyjecha\u0142 do lasu ko\u0142o Lamek. Powodem by\u0142o znalezienie niewybuch\u00f3w z czas\u00f3w II Wojny \u015awiatowej. Tym razem znaleziono 4 granaty \n<a class=\"moretag\" href=\"https:\/\/ostrowskatv.pl\/?p=10394\"> [...]<\/a>","protected":false},"author":1,"featured_media":10395,"comment_status":"open","ping_status":"closed","sticky":false,"template":"","format":"standard","meta":{"footnotes":""},"categories":[1],"tags":[83],"class_list":["post-10394","post","type-post","status-publish","format-standard","has-post-thumbnail","hentry","category-news","tag-lamki"],"_links":{"self":[{"href":"https:\/\/ostrowskatv.pl\/index.php?rest_route=\/wp\/v2\/posts\/10394","targetHints":{"allow":["GET"]}}],"collection":[{"href":"https:\/\/ostrowskatv.pl\/index.php?rest_route=\/wp\/v2\/posts"}],"about":[{"href":"https:\/\/ostrowskatv.pl\/index.php?rest_route=\/wp\/v2\/types\/post"}],"author":[{"embeddable":true,"href":"https:\/\/ostrowskatv.pl\/index.php?rest_route=\/wp\/v2\/users\/1"}],"replies":[{"embeddable":true,"href":"https:\/\/ostrowskatv.pl\/index.php?rest_route=%2Fwp%2Fv2%2Fcomments&post=10394"}],"version-history":[{"count":0,"href":"https:\/\/ostrowskatv.pl\/index.php?rest_route=\/wp\/v2\/posts\/10394\/revisions"}],"wp:featuredmedia":[{"embeddable":true,"href":"https:\/\/ostrowskatv.pl\/index.php?rest_route=\/wp\/v2\/media\/10395"}],"wp:attachment":[{"href":"https:\/\/ostrowskatv.pl\/index.php?rest_route=%2Fwp%2Fv2%2Fmedia&parent=10394"}],"wp:term":[{"taxonomy":"category","embeddable":true,"href":"https:\/\/ostrowskatv.pl\/index.php?rest_route=%2Fwp%2Fv2%2Fcategories&post=10394"},{"taxonomy":"post_tag","embeddable":true,"href":"https:\/\/ostrowskatv.pl\/index.php?rest_route=%2Fwp%2Fv2%2Ftags&post=10394"}],"curies":[{"name":"wp","href":"https:\/\/api.w.org\/{rel}","templated":true}]}}