{"id":10391,"date":"2019-09-25T11:19:44","date_gmt":"2019-09-25T10:19:44","guid":{"rendered":"http:\/\/ostrowska.tv\/?p=10391"},"modified":"2019-09-25T11:19:44","modified_gmt":"2019-09-25T10:19:44","slug":"rowerzysta-wjechal-w-smieciarke","status":"publish","type":"post","link":"https:\/\/ostrowskatv.pl\/?p=10391","title":{"rendered":"Rowerzysta wjecha\u0142 w \u015bmieciark\u0119"},"content":{"rendered":"<p><strong>Oko\u0142o godziny 10.30 dosz\u0142o do potr\u0105cenia rowerzysty przez samoch\u00f3d przewo\u017c\u0105cy odpady. Do zdarzenia dosz\u0142o na przeje\u017adzie rowerowym na ul. \u015amigielskiego w Ostrowie Wlkp. <\/strong><\/p>\n<p>Ze wst\u0119pnych informacji wynika, \u017ce samoch\u00f3d jecha\u0142 w stron\u0119 ronda przy ul. Paderewskiego. Jad\u0105cy \u015bcie\u017ck\u0105 rowerow\u0105 z przeciwka m\u0119\u017cczyzna, wjecha\u0142 na przejazd rowerowy i odbi\u0142 si\u0119 o prawy, przedni naro\u017cnik \u015bmieciarki.<\/p>\n<p>Poszkodowanego zabrano do szpitala. Trwa wyja\u015bnianie dok\u0142adnych okoliczno\u015bci zdarzenia.<\/p>\n<div id='gallery-1' class='gallery galleryid-10391 gallery-columns-3 gallery-size-thumbnail'><figure class='gallery-item'>\n\t\t\t<div class='gallery-icon landscape'>\n\t\t\t\t<a href='https:\/\/ostrowskatv.pl\/?attachment_id=10390'><img loading=\"lazy\" decoding=\"async\" width=\"150\" height=\"150\" src=\"https:\/\/ostrowskatv.pl\/wp-content\/uploads\/2019\/09\/IMG_20190925_104837-01-150x150.jpeg\" class=\"attachment-thumbnail size-thumbnail\" alt=\"\" \/><\/a>\n\t\t\t<\/div><\/figure><figure class='gallery-item'>\n\t\t\t<div class='gallery-icon landscape'>\n\t\t\t\t<a href='https:\/\/ostrowskatv.pl\/?attachment_id=10389'><img loading=\"lazy\" decoding=\"async\" width=\"150\" height=\"150\" src=\"https:\/\/ostrowskatv.pl\/wp-content\/uploads\/2019\/09\/IMG_20190925_105027-01-150x150.jpeg\" class=\"attachment-thumbnail size-thumbnail\" alt=\"\" \/><\/a>\n\t\t\t<\/div><\/figure>\n\t\t<\/div>\n\n","protected":false},"excerpt":{"rendered":"Oko\u0142o godziny 10.30 dosz\u0142o do potr\u0105cenia rowerzysty przez samoch\u00f3d przewo\u017c\u0105cy odpady. Do zdarzenia dosz\u0142o na przeje\u017adzie rowerowym na ul. \u015amigielskiego w Ostrowie Wlkp. \n<a class=\"moretag\" href=\"https:\/\/ostrowskatv.pl\/?p=10391\"> [...]<\/a>","protected":false},"author":1,"featured_media":10390,"comment_status":"open","ping_status":"closed","sticky":false,"template":"","format":"standard","meta":{"footnotes":""},"categories":[1],"tags":[2],"class_list":["post-10391","post","type-post","status-publish","format-standard","has-post-thumbnail","hentry","category-news","tag-ostrow-wielkopolski"],"_links":{"self":[{"href":"https:\/\/ostrowskatv.pl\/index.php?rest_route=\/wp\/v2\/posts\/10391","targetHints":{"allow":["GET"]}}],"collection":[{"href":"https:\/\/ostrowskatv.pl\/index.php?rest_route=\/wp\/v2\/posts"}],"about":[{"href":"https:\/\/ostrowskatv.pl\/index.php?rest_route=\/wp\/v2\/types\/post"}],"author":[{"embeddable":true,"href":"https:\/\/ostrowskatv.pl\/index.php?rest_route=\/wp\/v2\/users\/1"}],"replies":[{"embeddable":true,"href":"https:\/\/ostrowskatv.pl\/index.php?rest_route=%2Fwp%2Fv2%2Fcomments&post=10391"}],"version-history":[{"count":0,"href":"https:\/\/ostrowskatv.pl\/index.php?rest_route=\/wp\/v2\/posts\/10391\/revisions"}],"wp:featuredmedia":[{"embeddable":true,"href":"https:\/\/ostrowskatv.pl\/index.php?rest_route=\/wp\/v2\/media\/10390"}],"wp:attachment":[{"href":"https:\/\/ostrowskatv.pl\/index.php?rest_route=%2Fwp%2Fv2%2Fmedia&parent=10391"}],"wp:term":[{"taxonomy":"category","embeddable":true,"href":"https:\/\/ostrowskatv.pl\/index.php?rest_route=%2Fwp%2Fv2%2Fcategories&post=10391"},{"taxonomy":"post_tag","embeddable":true,"href":"https:\/\/ostrowskatv.pl\/index.php?rest_route=%2Fwp%2Fv2%2Ftags&post=10391"}],"curies":[{"name":"wp","href":"https:\/\/api.w.org\/{rel}","templated":true}]}}