{"id":10385,"date":"2019-09-25T09:06:36","date_gmt":"2019-09-25T08:06:36","guid":{"rendered":"http:\/\/ostrowska.tv\/?p=10385"},"modified":"2019-09-25T09:06:36","modified_gmt":"2019-09-25T08:06:36","slug":"zderzenie-mercedesa-i-volkswagena-na-ul-spichrzowej","status":"publish","type":"post","link":"https:\/\/ostrowskatv.pl\/?p=10385","title":{"rendered":"Zderzenie Mercedesa i Volkswagena na ul. Spichrzowej"},"content":{"rendered":"<p><strong>Po godzinie 9.00 na skrzy\u017cowaniu ulic Wodnej i Spichrzowej w Ostrowie Wielkopolskim. M\u0142ody kierowca Volkswagena chcia\u0142 przejecha\u0107 na wprost przez skrzy\u017cowanie z \u0142amanym pierwsze\u0144stwem. Tam zderzy\u0142 si\u0119 z prawid\u0142owo jad\u0105cym Mercedesem<\/strong>.<\/p>\n<p>Poszkodowany zosta\u0142 kierowca Mercedesa, kt\u00f3ry zosta\u0142 przewieziony do szpitala na badania. Na miejsce zadysponowano tak\u017ce stra\u017c po\u017carn\u0105.<\/p>\n<div id='gallery-1' class='gallery galleryid-10385 gallery-columns-3 gallery-size-thumbnail'><figure class='gallery-item'>\n\t\t\t<div class='gallery-icon landscape'>\n\t\t\t\t<a href='https:\/\/ostrowskatv.pl\/?attachment_id=10386'><img loading=\"lazy\" decoding=\"async\" width=\"150\" height=\"150\" src=\"https:\/\/ostrowskatv.pl\/wp-content\/uploads\/2019\/09\/IMG_20190925_093052-02-150x150.jpeg\" class=\"attachment-thumbnail size-thumbnail\" alt=\"\" \/><\/a>\n\t\t\t<\/div><\/figure><figure class='gallery-item'>\n\t\t\t<div class='gallery-icon landscape'>\n\t\t\t\t<a href='https:\/\/ostrowskatv.pl\/?attachment_id=10387'><img loading=\"lazy\" decoding=\"async\" width=\"150\" height=\"150\" src=\"https:\/\/ostrowskatv.pl\/wp-content\/uploads\/2019\/09\/IMG_20190925_093102-01-150x150.jpeg\" class=\"attachment-thumbnail size-thumbnail\" alt=\"\" \/><\/a>\n\t\t\t<\/div><\/figure>\n\t\t<\/div>\n\n","protected":false},"excerpt":{"rendered":"Po godzinie 9.00 na skrzy\u017cowaniu ulic Wodnej i Spichrzowej w Ostrowie Wielkopolskim. M\u0142ody kierowca Volkswagena chcia\u0142 przejecha\u0107 na wprost przez skrzy\u017cowanie z \u0142amanym \n<a class=\"moretag\" href=\"https:\/\/ostrowskatv.pl\/?p=10385\"> [...]<\/a>","protected":false},"author":1,"featured_media":10387,"comment_status":"open","ping_status":"closed","sticky":false,"template":"","format":"standard","meta":{"footnotes":""},"categories":[1],"tags":[2],"class_list":["post-10385","post","type-post","status-publish","format-standard","has-post-thumbnail","hentry","category-news","tag-ostrow-wielkopolski"],"_links":{"self":[{"href":"https:\/\/ostrowskatv.pl\/index.php?rest_route=\/wp\/v2\/posts\/10385","targetHints":{"allow":["GET"]}}],"collection":[{"href":"https:\/\/ostrowskatv.pl\/index.php?rest_route=\/wp\/v2\/posts"}],"about":[{"href":"https:\/\/ostrowskatv.pl\/index.php?rest_route=\/wp\/v2\/types\/post"}],"author":[{"embeddable":true,"href":"https:\/\/ostrowskatv.pl\/index.php?rest_route=\/wp\/v2\/users\/1"}],"replies":[{"embeddable":true,"href":"https:\/\/ostrowskatv.pl\/index.php?rest_route=%2Fwp%2Fv2%2Fcomments&post=10385"}],"version-history":[{"count":0,"href":"https:\/\/ostrowskatv.pl\/index.php?rest_route=\/wp\/v2\/posts\/10385\/revisions"}],"wp:featuredmedia":[{"embeddable":true,"href":"https:\/\/ostrowskatv.pl\/index.php?rest_route=\/wp\/v2\/media\/10387"}],"wp:attachment":[{"href":"https:\/\/ostrowskatv.pl\/index.php?rest_route=%2Fwp%2Fv2%2Fmedia&parent=10385"}],"wp:term":[{"taxonomy":"category","embeddable":true,"href":"https:\/\/ostrowskatv.pl\/index.php?rest_route=%2Fwp%2Fv2%2Fcategories&post=10385"},{"taxonomy":"post_tag","embeddable":true,"href":"https:\/\/ostrowskatv.pl\/index.php?rest_route=%2Fwp%2Fv2%2Ftags&post=10385"}],"curies":[{"name":"wp","href":"https:\/\/api.w.org\/{rel}","templated":true}]}}