{"id":10381,"date":"2019-09-24T20:27:27","date_gmt":"2019-09-24T19:27:27","guid":{"rendered":"http:\/\/ostrowska.tv\/?p=10381"},"modified":"2019-09-24T20:37:21","modified_gmt":"2019-09-24T19:37:21","slug":"wojt-zelazkowa-z-dwoma-zarzutami-za-ekscesy-podczas-marszu-rownosci","status":"publish","type":"post","link":"https:\/\/ostrowskatv.pl\/?p=10381","title":{"rendered":"W\u00f3jt \u017belazkowa z dwoma zarzutami za ekscesy podczas Marszu R\u00f3wno\u015bci (wideo)"},"content":{"rendered":"<p><strong>W\u00f3jt \u017belazkowa us\u0142ysza\u0142 dzisiaj dwa prokuratorskie zarzuty. To pok\u0142osie jego zachowania podczas I Kaliskiego Marszu R\u00f3wno\u015bci. 60-letniemu m\u0119\u017cczy\u017anie zarzucono naruszenie nietykalno\u015bci cielesnej policjanta i ra\u017c\u0105cego lekcewa\u017cenia porz\u0105dku prawnego. W\u00f3jt nie przyzna\u0142 si\u0119 do winy.<\/strong><\/p>\n<p>Podczas I Kaliskiego Marszu R\u00f3wno\u015bci, w\u00f3jt \u017belazkowa sp\u0119dza\u0142 czas na Rynku w Kaliszu. Kiedy zbli\u017ca\u0142 si\u0119 poch\u00f3d, w\u00f3jt zacz\u0105\u0142 ta\u0144czy\u0107. To wzbudzi\u0142o zainteresowanie obecnych przedstawicieli medi\u00f3w. Po chwili w\u00f3jt zaatakowa\u0142 jedn\u0105 z kobiet nazywaj\u0105c j\u0105 &#8222;g\u0142upi\u0105 c**\u0105&#8221;. Wcze\u015bniej u\u017cy\u0142 s\u0142owa wulgarnego wyra\u017caj\u0105c zdziwienie na obecno\u015b\u0107 koni.<\/p>\n<p>Zainteresowanie wok\u00f3\u0142 w\u00f3jta wzrasta\u0142o. Stan\u0119li tak\u017ce przy nim funkcjonariusze policji w kamizelkach &#8222;zesp\u00f3\u0142 antykonfliktowy&#8221;. Zwracali mu uwag\u0119 na niestosowne zachowanie. W\u00f3jt jednak w pewnym momencie wybuch\u0142 i gwa\u0142townym ruchem zmierza\u0142 w stron\u0119 jednej z kamer. Po drodze tak jakby pr\u00f3bowa\u0142 odepchn\u0105\u0107 policjanta, uderzaj\u0105c go r\u0119k\u0105 w lewe przedrami\u0119.<\/p>\n<p>Poniewa\u017c w\u00f3jt \u017belazkowa w chwili zdarzenia mia\u0142 prawie 2 promile, poczekano a\u017c wytrze\u017awieje. Wtedy postawiono mu wspomniane na wst\u0119pie dwa zarzuty.<\/p>\n<p>Kartoteka w\u00f3jta jest do\u015b\u0107 ciekawa. Najpierw udziela\u0142 pod wp\u0142ywem alkoholu \u015blubu, za co zosta\u0142 uznany winnym. Niedawno podczas imprezy w Russowie pojawi\u0142 si\u0119 na scenie, z kt\u00f3rej nie chcia\u0142 zej\u015b\u0107. Nast\u0119pnie podczas do\u017cynek, wszed\u0142 na scen\u0119 podczas wyst\u0119pu zespo\u0142u i pr\u00f3bowa\u0142 przej\u0105\u0107 mikrofon. Kiedy w lutym go aresztowano, wyszed\u0142 wcze\u015bniej na pro\u015bb\u0119 rodziny, wstawiennictwo biskupa kaliskiego Janiaka i wp\u0142at\u0119 100 tys. por\u0119czenia maj\u0105tkowego.<\/p>\n<p><iframe loading=\"lazy\" title=\"W\u00f3jt \u017belazkowa zatrzymany podczas kaliskiego Marszu R\u00f3wno\u015bci\" width=\"747\" height=\"420\" src=\"https:\/\/www.youtube.com\/embed\/YnmQqd5lFeE?feature=oembed\" frameborder=\"0\" allow=\"accelerometer; autoplay; clipboard-write; encrypted-media; gyroscope; picture-in-picture; web-share\" referrerpolicy=\"strict-origin-when-cross-origin\" allowfullscreen><\/iframe><\/p>\n","protected":false},"excerpt":{"rendered":"W\u00f3jt \u017belazkowa us\u0142ysza\u0142 dzisiaj dwa prokuratorskie zarzuty. To pok\u0142osie jego zachowania podczas I Kaliskiego Marszu R\u00f3wno\u015bci. 60-letniemu m\u0119\u017cczy\u017anie zarzucono naruszenie nietykalno\u015bci cielesnej policjanta \n<a class=\"moretag\" href=\"https:\/\/ostrowskatv.pl\/?p=10381\"> [...]<\/a>","protected":false},"author":1,"featured_media":10380,"comment_status":"open","ping_status":"closed","sticky":false,"template":"","format":"standard","meta":{"footnotes":""},"categories":[1],"tags":[175],"class_list":["post-10381","post","type-post","status-publish","format-standard","has-post-thumbnail","hentry","category-news","tag-powiat-kaliski"],"_links":{"self":[{"href":"https:\/\/ostrowskatv.pl\/index.php?rest_route=\/wp\/v2\/posts\/10381","targetHints":{"allow":["GET"]}}],"collection":[{"href":"https:\/\/ostrowskatv.pl\/index.php?rest_route=\/wp\/v2\/posts"}],"about":[{"href":"https:\/\/ostrowskatv.pl\/index.php?rest_route=\/wp\/v2\/types\/post"}],"author":[{"embeddable":true,"href":"https:\/\/ostrowskatv.pl\/index.php?rest_route=\/wp\/v2\/users\/1"}],"replies":[{"embeddable":true,"href":"https:\/\/ostrowskatv.pl\/index.php?rest_route=%2Fwp%2Fv2%2Fcomments&post=10381"}],"version-history":[{"count":0,"href":"https:\/\/ostrowskatv.pl\/index.php?rest_route=\/wp\/v2\/posts\/10381\/revisions"}],"wp:featuredmedia":[{"embeddable":true,"href":"https:\/\/ostrowskatv.pl\/index.php?rest_route=\/wp\/v2\/media\/10380"}],"wp:attachment":[{"href":"https:\/\/ostrowskatv.pl\/index.php?rest_route=%2Fwp%2Fv2%2Fmedia&parent=10381"}],"wp:term":[{"taxonomy":"category","embeddable":true,"href":"https:\/\/ostrowskatv.pl\/index.php?rest_route=%2Fwp%2Fv2%2Fcategories&post=10381"},{"taxonomy":"post_tag","embeddable":true,"href":"https:\/\/ostrowskatv.pl\/index.php?rest_route=%2Fwp%2Fv2%2Ftags&post=10381"}],"curies":[{"name":"wp","href":"https:\/\/api.w.org\/{rel}","templated":true}]}}