{"id":10363,"date":"2019-09-19T07:24:14","date_gmt":"2019-09-19T06:24:14","guid":{"rendered":"http:\/\/ostrowska.tv\/?p=10363"},"modified":"2019-09-19T08:56:32","modified_gmt":"2019-09-19T07:56:32","slug":"pozar-w-bloku-przy-komuny-paryskiej","status":"publish","type":"post","link":"https:\/\/ostrowskatv.pl\/?p=10363","title":{"rendered":"Po\u017car w bloku przy Komuny Paryskiej"},"content":{"rendered":"<p><strong>Tu\u017c przed godzin\u0105 4.00 dosz\u0142o do po\u017caru w bloku przy ul. Komuny Paryskiej w Ostrowie Wielkopolskim. Ogie\u0144 obj\u0105\u0142 fotel i pranie pozostawione na balkonie mieszkania.\u00a0<\/strong><\/p>\n<p>Z uwagi na 4. pi\u0119tro, podj\u0119to decyzj\u0119 o rozstawieniu podno\u015bnika i w ten spos\u00f3b przeprowadzono akcj\u0119 ga\u015bnicz\u0105. Z drugiej strony do mieszkania dostali si\u0119 stra\u017cacy, kt\u00f3rzy wprowadzili 2 osoby doros\u0142e i troje dzieci. Mo\u017cna domniemywa\u0107, \u017ce dosz\u0142o do zapr\u00f3szenia ognia przez pozostawiony niedopa\u0142ek.<\/p>\n<p>Lokatorom nic si\u0119 nie sta\u0142o, ale na wszelki wypadek wezwano pogotowie ratunkowe.<\/p>\n<div id='gallery-1' class='gallery galleryid-10363 gallery-columns-3 gallery-size-thumbnail'><figure class='gallery-item'>\n\t\t\t<div class='gallery-icon landscape'>\n\t\t\t\t<a href='https:\/\/ostrowskatv.pl\/?attachment_id=10361'><img loading=\"lazy\" decoding=\"async\" width=\"150\" height=\"150\" src=\"https:\/\/ostrowskatv.pl\/wp-content\/uploads\/2019\/09\/IMG_20190919_042625-01-150x150.jpeg\" class=\"attachment-thumbnail size-thumbnail\" alt=\"\" \/><\/a>\n\t\t\t<\/div><\/figure><figure class='gallery-item'>\n\t\t\t<div class='gallery-icon landscape'>\n\t\t\t\t<a href='https:\/\/ostrowskatv.pl\/?attachment_id=10360'><img loading=\"lazy\" decoding=\"async\" width=\"150\" height=\"150\" src=\"https:\/\/ostrowskatv.pl\/wp-content\/uploads\/2019\/09\/IMG_20190919_042536-01-150x150.jpeg\" class=\"attachment-thumbnail size-thumbnail\" alt=\"\" \/><\/a>\n\t\t\t<\/div><\/figure>\n\t\t<\/div>\n\n","protected":false},"excerpt":{"rendered":"Tu\u017c przed godzin\u0105 4.00 dosz\u0142o do po\u017caru w bloku przy ul. Komuny Paryskiej w Ostrowie Wielkopolskim. Ogie\u0144 obj\u0105\u0142 fotel i pranie pozostawione na \n<a class=\"moretag\" href=\"https:\/\/ostrowskatv.pl\/?p=10363\"> [...]<\/a>","protected":false},"author":1,"featured_media":10371,"comment_status":"open","ping_status":"closed","sticky":false,"template":"","format":"standard","meta":{"footnotes":""},"categories":[1],"tags":[2],"class_list":["post-10363","post","type-post","status-publish","format-standard","has-post-thumbnail","hentry","category-news","tag-ostrow-wielkopolski"],"_links":{"self":[{"href":"https:\/\/ostrowskatv.pl\/index.php?rest_route=\/wp\/v2\/posts\/10363","targetHints":{"allow":["GET"]}}],"collection":[{"href":"https:\/\/ostrowskatv.pl\/index.php?rest_route=\/wp\/v2\/posts"}],"about":[{"href":"https:\/\/ostrowskatv.pl\/index.php?rest_route=\/wp\/v2\/types\/post"}],"author":[{"embeddable":true,"href":"https:\/\/ostrowskatv.pl\/index.php?rest_route=\/wp\/v2\/users\/1"}],"replies":[{"embeddable":true,"href":"https:\/\/ostrowskatv.pl\/index.php?rest_route=%2Fwp%2Fv2%2Fcomments&post=10363"}],"version-history":[{"count":0,"href":"https:\/\/ostrowskatv.pl\/index.php?rest_route=\/wp\/v2\/posts\/10363\/revisions"}],"wp:featuredmedia":[{"embeddable":true,"href":"https:\/\/ostrowskatv.pl\/index.php?rest_route=\/wp\/v2\/media\/10371"}],"wp:attachment":[{"href":"https:\/\/ostrowskatv.pl\/index.php?rest_route=%2Fwp%2Fv2%2Fmedia&parent=10363"}],"wp:term":[{"taxonomy":"category","embeddable":true,"href":"https:\/\/ostrowskatv.pl\/index.php?rest_route=%2Fwp%2Fv2%2Fcategories&post=10363"},{"taxonomy":"post_tag","embeddable":true,"href":"https:\/\/ostrowskatv.pl\/index.php?rest_route=%2Fwp%2Fv2%2Ftags&post=10363"}],"curies":[{"name":"wp","href":"https:\/\/api.w.org\/{rel}","templated":true}]}}