{"id":10354,"date":"2019-09-18T10:31:40","date_gmt":"2019-09-18T09:31:40","guid":{"rendered":"http:\/\/ostrowska.tv\/?p=10354"},"modified":"2019-09-18T10:31:40","modified_gmt":"2019-09-18T09:31:40","slug":"powazne-zderzenie-pociagu-z-oplem","status":"publish","type":"post","link":"https:\/\/ostrowskatv.pl\/?p=10354","title":{"rendered":"Powa\u017cne zderzenie poci\u0105gu z Oplem"},"content":{"rendered":"<p>Przed godzin\u0105 11.00 dosz\u0142o do powa\u017cnego wypadku auta osobowego z poci\u0105giem w Oci\u0105\u017cu. M\u0142oda kobieta kieruj\u0105ca Oplem Astr\u0105 wjecha\u0142a na niestrze\u017cony przejazd wprost pod poci\u0105g. Intercity nadje\u017cd\u017ca\u0142 od strony Kalisza i uderzy\u0142 w bok Opla od strony pasa\u017cera. Kobieta w chwili wyci\u0105gania by\u0142a przytomna. Z auta wypad\u0142 silnik. Poci\u0105g osobowy by\u0142 relacji Warszawa &#8211; Wroc\u0142aw.<\/p>\n<div id='gallery-1' class='gallery galleryid-10354 gallery-columns-3 gallery-size-thumbnail'><figure class='gallery-item'>\n\t\t\t<div class='gallery-icon landscape'>\n\t\t\t\t<a href='https:\/\/ostrowskatv.pl\/?attachment_id=10355'><img loading=\"lazy\" decoding=\"async\" width=\"150\" height=\"150\" src=\"https:\/\/ostrowskatv.pl\/wp-content\/uploads\/2019\/09\/IMG_20190918_105616-02-150x150.jpeg\" class=\"attachment-thumbnail size-thumbnail\" alt=\"\" \/><\/a>\n\t\t\t<\/div><\/figure><figure class='gallery-item'>\n\t\t\t<div class='gallery-icon landscape'>\n\t\t\t\t<a href='https:\/\/ostrowskatv.pl\/?attachment_id=10356'><img loading=\"lazy\" decoding=\"async\" width=\"150\" height=\"150\" src=\"https:\/\/ostrowskatv.pl\/wp-content\/uploads\/2019\/09\/IMG_20190918_105616-01-150x150.jpeg\" class=\"attachment-thumbnail size-thumbnail\" alt=\"\" \/><\/a>\n\t\t\t<\/div><\/figure><figure class='gallery-item'>\n\t\t\t<div class='gallery-icon landscape'>\n\t\t\t\t<a href='https:\/\/ostrowskatv.pl\/?attachment_id=10357'><img loading=\"lazy\" decoding=\"async\" width=\"150\" height=\"150\" src=\"https:\/\/ostrowskatv.pl\/wp-content\/uploads\/2019\/09\/IMG_20190918_105624-01-150x150.jpeg\" class=\"attachment-thumbnail size-thumbnail\" alt=\"\" \/><\/a>\n\t\t\t<\/div><\/figure><figure class='gallery-item'>\n\t\t\t<div class='gallery-icon landscape'>\n\t\t\t\t<a href='https:\/\/ostrowskatv.pl\/?attachment_id=10358'><img loading=\"lazy\" decoding=\"async\" width=\"150\" height=\"150\" src=\"https:\/\/ostrowskatv.pl\/wp-content\/uploads\/2019\/09\/IMG_20190918_110129-01-150x150.jpeg\" class=\"attachment-thumbnail size-thumbnail\" alt=\"\" \/><\/a>\n\t\t\t<\/div><\/figure>\n\t\t<\/div>\n\n","protected":false},"excerpt":{"rendered":"Przed godzin\u0105 11.00 dosz\u0142o do powa\u017cnego wypadku auta osobowego z poci\u0105giem w Oci\u0105\u017cu. M\u0142oda kobieta kieruj\u0105ca Oplem Astr\u0105 wjecha\u0142a na niestrze\u017cony przejazd wprost \n<a class=\"moretag\" href=\"https:\/\/ostrowskatv.pl\/?p=10354\"> [...]<\/a>","protected":false},"author":1,"featured_media":0,"comment_status":"open","ping_status":"closed","sticky":false,"template":"","format":"standard","meta":{"footnotes":""},"categories":[1],"tags":[59],"class_list":["post-10354","post","type-post","status-publish","format-standard","hentry","category-news","tag-ociaz"],"_links":{"self":[{"href":"https:\/\/ostrowskatv.pl\/index.php?rest_route=\/wp\/v2\/posts\/10354","targetHints":{"allow":["GET"]}}],"collection":[{"href":"https:\/\/ostrowskatv.pl\/index.php?rest_route=\/wp\/v2\/posts"}],"about":[{"href":"https:\/\/ostrowskatv.pl\/index.php?rest_route=\/wp\/v2\/types\/post"}],"author":[{"embeddable":true,"href":"https:\/\/ostrowskatv.pl\/index.php?rest_route=\/wp\/v2\/users\/1"}],"replies":[{"embeddable":true,"href":"https:\/\/ostrowskatv.pl\/index.php?rest_route=%2Fwp%2Fv2%2Fcomments&post=10354"}],"version-history":[{"count":0,"href":"https:\/\/ostrowskatv.pl\/index.php?rest_route=\/wp\/v2\/posts\/10354\/revisions"}],"wp:attachment":[{"href":"https:\/\/ostrowskatv.pl\/index.php?rest_route=%2Fwp%2Fv2%2Fmedia&parent=10354"}],"wp:term":[{"taxonomy":"category","embeddable":true,"href":"https:\/\/ostrowskatv.pl\/index.php?rest_route=%2Fwp%2Fv2%2Fcategories&post=10354"},{"taxonomy":"post_tag","embeddable":true,"href":"https:\/\/ostrowskatv.pl\/index.php?rest_route=%2Fwp%2Fv2%2Ftags&post=10354"}],"curies":[{"name":"wp","href":"https:\/\/api.w.org\/{rel}","templated":true}]}}