{"id":10343,"date":"2019-09-18T08:27:55","date_gmt":"2019-09-18T07:27:55","guid":{"rendered":"http:\/\/ostrowska.tv\/?p=10343"},"modified":"2019-09-18T08:27:55","modified_gmt":"2019-09-18T07:27:55","slug":"nieetyczna-kampania-urbaniaka-pod-zlobkiem","status":"publish","type":"post","link":"https:\/\/ostrowskatv.pl\/?p=10343","title":{"rendered":"Nieetyczna kampania Urbaniaka pod \u017b\u0142obkiem?"},"content":{"rendered":"<p><strong>Od kilku dni samochody oklejone materia\u0142ami wyborczymi Jaros\u0142awa Urbaniaka w spos\u00f3b w\u0105tpliwy ozdabiaj\u0105 parking przy \u017b\u0142obku Miejskim przy ul. Jankowskiego w Ostrowie Wlkp. Ka\u017cdego poranka podje\u017cd\u017caj\u0105 dwa ma\u0142e auta osobowe, kt\u00f3ry maj\u0105 wyklejonego na tylnej szybie kandydata do Sejmu.<\/strong><\/p>\n<p>Nie do\u015b\u0107, \u017ce o oko\u0142o godziny 8.00 jest problem z zaparkowaniem, to osoby wspieraj\u0105ce Urbaniaka w spos\u00f3b zorganizowany zabieraj\u0105 3 miejsca parkingowe. Trzecie zajmuje bus, r\u00f3wnie\u017c oklejony panem pos\u0142em. Kiedy panie opuszcz\u0105 auta, wsiadaj\u0105 do busa i odje\u017cd\u017caj\u0105. Prawdopodobnie wspiera\u0107 kampani\u0119 kandydata, poniewa\u017c on sam by\u0142 te\u017c widziany w busie.<\/p>\n<p>4 lata temu podobna sytuacja mia\u0142a miejsce pod szko\u0142\u0105 podstawow\u0105 nr 9. Wtedy kilka aut mia\u0142o wyklejon\u0105 reklam\u0119 \u0141ukasza Miko\u0142ajczyka. Po nag\u0142o\u015bnieniu tematu, kandydat przeprosi\u0142 i problem ju\u017c si\u0119 nie powt\u00f3rzy\u0142. Dotychczasowa postawa pos\u0142a Urbaniaka nie zostawia z\u0142udze\u0144 i publicznych przeprosin si\u0119 jednak nie spodziewamy.<\/p>\n<p>Wydawa\u0142o si\u0119, \u017ce kandydat kt\u00f3ry zapewni\u0142 sobie 2. miejsce na li\u015bcie, wg sonda\u017cy w drugiej grupie politycznej, nie musi stosowa\u0107 chwyt\u00f3w w kampanii, kt\u00f3re mog\u0105 by\u0107 ocenione za nieetyczne. Mo\u017ce by\u0107 to jednak spowodowane mocn\u0105 kampani\u0105 w terenie Mileny Kowalskiej, kt\u00f3ra skutecznie zabiega o g\u0142osy ostrowian, z tej samej listy wyborczej.<\/p>\n<div id='gallery-1' class='gallery galleryid-10343 gallery-columns-3 gallery-size-thumbnail'><figure class='gallery-item'>\n\t\t\t<div class='gallery-icon landscape'>\n\t\t\t\t<a href='https:\/\/ostrowskatv.pl\/?attachment_id=10344'><img loading=\"lazy\" decoding=\"async\" width=\"150\" height=\"150\" src=\"https:\/\/ostrowskatv.pl\/wp-content\/uploads\/2019\/09\/urbaniak-bus-150x150.jpg\" class=\"attachment-thumbnail size-thumbnail\" alt=\"\" \/><\/a>\n\t\t\t<\/div><\/figure><figure class='gallery-item'>\n\t\t\t<div class='gallery-icon landscape'>\n\t\t\t\t<a href='https:\/\/ostrowskatv.pl\/?attachment_id=10345'><img loading=\"lazy\" decoding=\"async\" width=\"150\" height=\"150\" src=\"https:\/\/ostrowskatv.pl\/wp-content\/uploads\/2019\/09\/urbaniak-bus1-150x150.jpg\" class=\"attachment-thumbnail size-thumbnail\" alt=\"\" \/><\/a>\n\t\t\t<\/div><\/figure><figure class='gallery-item'>\n\t\t\t<div class='gallery-icon landscape'>\n\t\t\t\t<a href='https:\/\/ostrowskatv.pl\/?attachment_id=10346'><img loading=\"lazy\" decoding=\"async\" width=\"150\" height=\"150\" src=\"https:\/\/ostrowskatv.pl\/wp-content\/uploads\/2019\/09\/urbaniak-bus2-150x150.jpg\" class=\"attachment-thumbnail size-thumbnail\" alt=\"\" \/><\/a>\n\t\t\t<\/div><\/figure><figure class='gallery-item'>\n\t\t\t<div class='gallery-icon landscape'>\n\t\t\t\t<a href='https:\/\/ostrowskatv.pl\/?attachment_id=10347'><img loading=\"lazy\" decoding=\"async\" width=\"150\" height=\"150\" src=\"https:\/\/ostrowskatv.pl\/wp-content\/uploads\/2019\/09\/urbaniak-bus3-150x150.jpg\" class=\"attachment-thumbnail size-thumbnail\" alt=\"\" \/><\/a>\n\t\t\t<\/div><\/figure><figure class='gallery-item'>\n\t\t\t<div class='gallery-icon landscape'>\n\t\t\t\t<a href='https:\/\/ostrowskatv.pl\/?attachment_id=10348'><img loading=\"lazy\" decoding=\"async\" width=\"150\" height=\"150\" src=\"https:\/\/ostrowskatv.pl\/wp-content\/uploads\/2019\/09\/urbaniak-bus4-150x150.jpg\" class=\"attachment-thumbnail size-thumbnail\" alt=\"\" \/><\/a>\n\t\t\t<\/div><\/figure><figure class='gallery-item'>\n\t\t\t<div class='gallery-icon landscape'>\n\t\t\t\t<a href='https:\/\/ostrowskatv.pl\/?attachment_id=10349'><img loading=\"lazy\" decoding=\"async\" width=\"150\" height=\"150\" src=\"https:\/\/ostrowskatv.pl\/wp-content\/uploads\/2019\/09\/urbaniak-bus5-150x150.jpg\" class=\"attachment-thumbnail size-thumbnail\" alt=\"\" \/><\/a>\n\t\t\t<\/div><\/figure><figure class='gallery-item'>\n\t\t\t<div class='gallery-icon landscape'>\n\t\t\t\t<a href='https:\/\/ostrowskatv.pl\/?attachment_id=10350'><img loading=\"lazy\" decoding=\"async\" width=\"150\" height=\"150\" src=\"https:\/\/ostrowskatv.pl\/wp-content\/uploads\/2019\/09\/urbaniak-bus6-150x150.jpg\" class=\"attachment-thumbnail size-thumbnail\" alt=\"\" \/><\/a>\n\t\t\t<\/div><\/figure><figure class='gallery-item'>\n\t\t\t<div class='gallery-icon landscape'>\n\t\t\t\t<a href='https:\/\/ostrowskatv.pl\/?attachment_id=10351'><img loading=\"lazy\" decoding=\"async\" width=\"150\" height=\"150\" src=\"https:\/\/ostrowskatv.pl\/wp-content\/uploads\/2019\/09\/urbaniak-bus8-150x150.jpg\" class=\"attachment-thumbnail size-thumbnail\" alt=\"\" \/><\/a>\n\t\t\t<\/div><\/figure><figure class='gallery-item'>\n\t\t\t<div class='gallery-icon landscape'>\n\t\t\t\t<a href='https:\/\/ostrowskatv.pl\/?attachment_id=10352'><img loading=\"lazy\" decoding=\"async\" width=\"150\" height=\"150\" src=\"https:\/\/ostrowskatv.pl\/wp-content\/uploads\/2019\/09\/urbaniak-buss-150x150.jpg\" class=\"attachment-thumbnail size-thumbnail\" alt=\"\" \/><\/a>\n\t\t\t<\/div><\/figure>\n\t\t<\/div>\n\n","protected":false},"excerpt":{"rendered":"Od kilku dni samochody oklejone materia\u0142ami wyborczymi Jaros\u0142awa Urbaniaka w spos\u00f3b w\u0105tpliwy ozdabiaj\u0105 parking przy \u017b\u0142obku Miejskim przy ul. Jankowskiego w Ostrowie Wlkp. \n<a class=\"moretag\" href=\"https:\/\/ostrowskatv.pl\/?p=10343\"> [...]<\/a>","protected":false},"author":1,"featured_media":10352,"comment_status":"open","ping_status":"closed","sticky":false,"template":"","format":"standard","meta":{"footnotes":""},"categories":[1],"tags":[2],"class_list":["post-10343","post","type-post","status-publish","format-standard","has-post-thumbnail","hentry","category-news","tag-ostrow-wielkopolski"],"_links":{"self":[{"href":"https:\/\/ostrowskatv.pl\/index.php?rest_route=\/wp\/v2\/posts\/10343","targetHints":{"allow":["GET"]}}],"collection":[{"href":"https:\/\/ostrowskatv.pl\/index.php?rest_route=\/wp\/v2\/posts"}],"about":[{"href":"https:\/\/ostrowskatv.pl\/index.php?rest_route=\/wp\/v2\/types\/post"}],"author":[{"embeddable":true,"href":"https:\/\/ostrowskatv.pl\/index.php?rest_route=\/wp\/v2\/users\/1"}],"replies":[{"embeddable":true,"href":"https:\/\/ostrowskatv.pl\/index.php?rest_route=%2Fwp%2Fv2%2Fcomments&post=10343"}],"version-history":[{"count":0,"href":"https:\/\/ostrowskatv.pl\/index.php?rest_route=\/wp\/v2\/posts\/10343\/revisions"}],"wp:featuredmedia":[{"embeddable":true,"href":"https:\/\/ostrowskatv.pl\/index.php?rest_route=\/wp\/v2\/media\/10352"}],"wp:attachment":[{"href":"https:\/\/ostrowskatv.pl\/index.php?rest_route=%2Fwp%2Fv2%2Fmedia&parent=10343"}],"wp:term":[{"taxonomy":"category","embeddable":true,"href":"https:\/\/ostrowskatv.pl\/index.php?rest_route=%2Fwp%2Fv2%2Fcategories&post=10343"},{"taxonomy":"post_tag","embeddable":true,"href":"https:\/\/ostrowskatv.pl\/index.php?rest_route=%2Fwp%2Fv2%2Ftags&post=10343"}],"curies":[{"name":"wp","href":"https:\/\/api.w.org\/{rel}","templated":true}]}}