{"id":10341,"date":"2019-09-17T19:03:34","date_gmt":"2019-09-17T18:03:34","guid":{"rendered":"http:\/\/ostrowska.tv\/?p=10341"},"modified":"2019-09-17T19:03:34","modified_gmt":"2019-09-17T18:03:34","slug":"nie-okielznal-cinquecento-w-strachu-przed-policja-wjechal-w-pole","status":"publish","type":"post","link":"https:\/\/ostrowskatv.pl\/?p=10341","title":{"rendered":"Nie okie\u0142zna\u0142 Cinquecento. W strachu przed policj\u0105 wjecha\u0142 w pole"},"content":{"rendered":"<p><strong>Do zabawnej sytuacji dosz\u0142o w miniony weekend w gm. Odolan\u00f3w. Patrol policji zauwa\u017cy\u0142 podejrzany pojazd. Radiow\u00f3z po zawr\u00f3ceniu zorientowa\u0142 si\u0119, \u017ce Fiat Cinquecento wjecha\u0142 w pole. Kierowca jecha\u0142 z kilkoma innymi osobami. Okaza\u0142o si\u0119, \u017ce ma 2 promile w wydychanym powietrzu. Teraz odpowie za jazd\u0119 pod wp\u0142ywem alkoholu.<\/strong><\/p>\n","protected":false},"excerpt":{"rendered":"Do zabawnej sytuacji dosz\u0142o w miniony weekend w gm. Odolan\u00f3w. Patrol policji zauwa\u017cy\u0142 podejrzany pojazd. Radiow\u00f3z po zawr\u00f3ceniu zorientowa\u0142 si\u0119, \u017ce Fiat Cinquecento \n<a class=\"moretag\" href=\"https:\/\/ostrowskatv.pl\/?p=10341\"> [...]<\/a>","protected":false},"author":1,"featured_media":10340,"comment_status":"open","ping_status":"closed","sticky":false,"template":"","format":"standard","meta":{"footnotes":""},"categories":[1],"tags":[92],"class_list":["post-10341","post","type-post","status-publish","format-standard","has-post-thumbnail","hentry","category-news","tag-gm-odolanow"],"_links":{"self":[{"href":"https:\/\/ostrowskatv.pl\/index.php?rest_route=\/wp\/v2\/posts\/10341","targetHints":{"allow":["GET"]}}],"collection":[{"href":"https:\/\/ostrowskatv.pl\/index.php?rest_route=\/wp\/v2\/posts"}],"about":[{"href":"https:\/\/ostrowskatv.pl\/index.php?rest_route=\/wp\/v2\/types\/post"}],"author":[{"embeddable":true,"href":"https:\/\/ostrowskatv.pl\/index.php?rest_route=\/wp\/v2\/users\/1"}],"replies":[{"embeddable":true,"href":"https:\/\/ostrowskatv.pl\/index.php?rest_route=%2Fwp%2Fv2%2Fcomments&post=10341"}],"version-history":[{"count":0,"href":"https:\/\/ostrowskatv.pl\/index.php?rest_route=\/wp\/v2\/posts\/10341\/revisions"}],"wp:featuredmedia":[{"embeddable":true,"href":"https:\/\/ostrowskatv.pl\/index.php?rest_route=\/wp\/v2\/media\/10340"}],"wp:attachment":[{"href":"https:\/\/ostrowskatv.pl\/index.php?rest_route=%2Fwp%2Fv2%2Fmedia&parent=10341"}],"wp:term":[{"taxonomy":"category","embeddable":true,"href":"https:\/\/ostrowskatv.pl\/index.php?rest_route=%2Fwp%2Fv2%2Fcategories&post=10341"},{"taxonomy":"post_tag","embeddable":true,"href":"https:\/\/ostrowskatv.pl\/index.php?rest_route=%2Fwp%2Fv2%2Ftags&post=10341"}],"curies":[{"name":"wp","href":"https:\/\/api.w.org\/{rel}","templated":true}]}}