{"id":10327,"date":"2019-09-14T15:42:52","date_gmt":"2019-09-14T14:42:52","guid":{"rendered":"http:\/\/ostrowska.tv\/?p=10327"},"modified":"2019-09-14T16:21:59","modified_gmt":"2019-09-14T15:21:59","slug":"premier-morawiecki-odwiedzil-spoldzielnie-lazur","status":"publish","type":"post","link":"https:\/\/ostrowskatv.pl\/?p=10327","title":{"rendered":"Premier Morawiecki odwiedzi\u0142 sp\u00f3\u0142dzielni\u0119 Lazur. &#8222;To pere\u0142ka w Wielkopolsce&#8221;"},"content":{"rendered":"<p><strong>Sp\u00f3\u0142dzielnia Mleczarska Lazur obchodzi w tym roku 90-t\u0105 rocznic\u0119 istnienia. Zdaniem prezesa sp\u00f3\u0142dzielni, wizyta Premiera RP Mateusza Morawieckiego to du\u017cy zaszczyt i swoisty prezent urodzinowy. Lazur obecnie eksportuje 30% swoich produkt\u00f3w, zatrudniaj\u0105c 180 pracownik\u00f3w. Premier podkre\u015bla\u0142 szereg atut\u00f3w tej lokalnej firmy zrzeszaj\u0105cej 70 producent\u00f3w rolniczych.<br \/>\n<\/strong><\/p>\n<p>&#8211; Gdyby polska gospodarka radzi\u0142a sobie tak jak polski rolno-spo\u017cywczy, wtedy wzrost gospodarczy by\u0142by 2-krotnie wi\u0119kszy. W ostatnich miesi\u0105cach odnotowali\u015bmy 15% wzrost eksportowania do Stan\u00f3w Zjednoczonych. W przypadku utrzymania si\u0119 tej tendencji, b\u0119dzie to wi\u0119kszy eksport ni\u017c do s\u0105siaduj\u0105cej z nami Rosji, kt\u00f3ra nak\u0142ada\u0142a na nas r\u00f3\u017cnego rodzaju embarga.<\/p>\n<p>Premier Morawiecki podkre\u015bla\u0142, \u017ce sp\u00f3\u0142dzielnia Lazur to wz\u00f3r do na\u015bladowania pod k\u0105tem zrzeszania si\u0119 rolnik\u00f3w, producent\u00f3w w takie przedsi\u0119biorstwa, kt\u00f3re mog\u0105 konkurowa\u0107 nie tylko w Polsce, ale tak\u017ce za granic\u0105. Nale\u017cy d\u0105\u017cy\u0107 do likwidowania po\u015brednik\u00f3w, \u017ceby produkt z pola przeby\u0142 jak najkr\u00f3tsz\u0105 drog\u0119 na st\u00f3\u0142. Sp\u00f3\u0142dzielnia zosta\u0142a nazwa przez premiera pere\u0142k\u0105 w Wielkopolsce.<\/p>\n<p>Nast\u0119pnie premier zosta\u0142 zapytany przez dziennikarzy m.in. o mo\u017cliwo\u015b\u0107 obiecania powstania obwodnicy Kalisza. Morawiecki odpowiedzia\u0142, \u017ce obieca\u0142 100 obwodnic, jednak trudno by\u0142o znale\u017a\u0107 z\u0142o\u017cenie deklaracji dotycz\u0105cej Kalisza. Dw\u00f3ch kolejnych dziennikarzy zapyta\u0142o o naliczanie ZUS-u od pensji minimalnej i jego ewentualny wzrost przy sukcesywnym podnoszeniu pensji minimalnej. Szef rz\u0105du uspokaja\u0142, zapewnia\u0142, \u017ce rozmawia z przedsi\u0119biorcami i przypomnia\u0142 zmniejszenie podatku CIT z 19 na 9%, a tak\u017ce ulgi dla m\u0142odych w postaci braku ZUS przez pierwszy okres dzia\u0142alno\u015bci, a p\u00f3\u017aniej jego wzrost do 1\/3 normalnej stawki.<\/p>\n<div id='gallery-1' class='gallery galleryid-10327 gallery-columns-3 gallery-size-thumbnail'><figure class='gallery-item'>\n\t\t\t<div class='gallery-icon landscape'>\n\t\t\t\t<a href='https:\/\/ostrowskatv.pl\/?attachment_id=10328'><img loading=\"lazy\" decoding=\"async\" width=\"150\" height=\"150\" src=\"https:\/\/ostrowskatv.pl\/wp-content\/uploads\/2019\/09\/morawiecki_lazur1-150x150.jpg\" class=\"attachment-thumbnail size-thumbnail\" alt=\"\" \/><\/a>\n\t\t\t<\/div><\/figure><figure class='gallery-item'>\n\t\t\t<div class='gallery-icon landscape'>\n\t\t\t\t<a href='https:\/\/ostrowskatv.pl\/?attachment_id=10329'><img loading=\"lazy\" decoding=\"async\" width=\"150\" height=\"150\" src=\"https:\/\/ostrowskatv.pl\/wp-content\/uploads\/2019\/09\/morawiecki_lazur2-150x150.jpg\" class=\"attachment-thumbnail size-thumbnail\" alt=\"\" \/><\/a>\n\t\t\t<\/div><\/figure><figure class='gallery-item'>\n\t\t\t<div class='gallery-icon landscape'>\n\t\t\t\t<a href='https:\/\/ostrowskatv.pl\/?attachment_id=10330'><img loading=\"lazy\" decoding=\"async\" width=\"150\" height=\"150\" src=\"https:\/\/ostrowskatv.pl\/wp-content\/uploads\/2019\/09\/morawiecki_lazur3-150x150.jpg\" class=\"attachment-thumbnail size-thumbnail\" alt=\"\" \/><\/a>\n\t\t\t<\/div><\/figure>\n\t\t<\/div>\n\n","protected":false},"excerpt":{"rendered":"Sp\u00f3\u0142dzielnia Mleczarska Lazur obchodzi w tym roku 90-t\u0105 rocznic\u0119 istnienia. Zdaniem prezesa sp\u00f3\u0142dzielni, wizyta Premiera RP Mateusza Morawieckiego to du\u017cy zaszczyt i swoisty \n<a class=\"moretag\" href=\"https:\/\/ostrowskatv.pl\/?p=10327\"> [...]<\/a>","protected":false},"author":1,"featured_media":10330,"comment_status":"open","ping_status":"closed","sticky":false,"template":"","format":"standard","meta":{"footnotes":""},"categories":[1],"tags":[61],"class_list":["post-10327","post","type-post","status-publish","format-standard","has-post-thumbnail","hentry","category-news","tag-nowe-skalmierzyce"],"_links":{"self":[{"href":"https:\/\/ostrowskatv.pl\/index.php?rest_route=\/wp\/v2\/posts\/10327","targetHints":{"allow":["GET"]}}],"collection":[{"href":"https:\/\/ostrowskatv.pl\/index.php?rest_route=\/wp\/v2\/posts"}],"about":[{"href":"https:\/\/ostrowskatv.pl\/index.php?rest_route=\/wp\/v2\/types\/post"}],"author":[{"embeddable":true,"href":"https:\/\/ostrowskatv.pl\/index.php?rest_route=\/wp\/v2\/users\/1"}],"replies":[{"embeddable":true,"href":"https:\/\/ostrowskatv.pl\/index.php?rest_route=%2Fwp%2Fv2%2Fcomments&post=10327"}],"version-history":[{"count":0,"href":"https:\/\/ostrowskatv.pl\/index.php?rest_route=\/wp\/v2\/posts\/10327\/revisions"}],"wp:featuredmedia":[{"embeddable":true,"href":"https:\/\/ostrowskatv.pl\/index.php?rest_route=\/wp\/v2\/media\/10330"}],"wp:attachment":[{"href":"https:\/\/ostrowskatv.pl\/index.php?rest_route=%2Fwp%2Fv2%2Fmedia&parent=10327"}],"wp:term":[{"taxonomy":"category","embeddable":true,"href":"https:\/\/ostrowskatv.pl\/index.php?rest_route=%2Fwp%2Fv2%2Fcategories&post=10327"},{"taxonomy":"post_tag","embeddable":true,"href":"https:\/\/ostrowskatv.pl\/index.php?rest_route=%2Fwp%2Fv2%2Ftags&post=10327"}],"curies":[{"name":"wp","href":"https:\/\/api.w.org\/{rel}","templated":true}]}}