{"id":10300,"date":"2019-09-11T10:38:53","date_gmt":"2019-09-11T09:38:53","guid":{"rendered":"http:\/\/ostrowska.tv\/?p=10300"},"modified":"2019-09-11T10:38:53","modified_gmt":"2019-09-11T09:38:53","slug":"iveco-vs-peugeot-na-kr-jadwigi-i-al-slowackiego","status":"publish","type":"post","link":"https:\/\/ostrowskatv.pl\/?p=10300","title":{"rendered":"Iveco vs. Peugeot na Kr. Jadwigi i Al. S\u0142owackiego"},"content":{"rendered":"<p><strong>O godzinie 10.00 dosz\u0142o do zderzenia dw\u00f3ch aut na skrzy\u017cowaniu Kr. Jadwigi i Al. S\u0142owackiego w Ostrowie Wlkp. Z ulicy Kr. Jadwigi wyjecha\u0142 kierowca Peugeot, kt\u00f3ry doprowadzi\u0142 do zderzenia z dostawczym Iveco z powiatu tureckiego. W zdarzeniu nikt nie ucierpia\u0142.<\/strong><\/p>\n<p>Z uwagi na wyciek p\u0142ynu eksploatacyjnego z Peugeota, a tak\u017ce z uwagi na pozostawanie osob\u00f3wki na \u015brodku skrzy\u017cowania, interweniowa\u0142 jeden w\u00f3z stra\u017cy po\u017carnej. Policja ukara\u0142a sprawc\u0119 mandatem karnym.<\/p>\n<div id='gallery-1' class='gallery galleryid-10300 gallery-columns-3 gallery-size-thumbnail'><figure class='gallery-item'>\n\t\t\t<div class='gallery-icon landscape'>\n\t\t\t\t<a href='https:\/\/ostrowskatv.pl\/?attachment_id=10301'><img loading=\"lazy\" decoding=\"async\" width=\"150\" height=\"150\" src=\"https:\/\/ostrowskatv.pl\/wp-content\/uploads\/2019\/09\/IMG_20190911_101517-01-150x150.jpeg\" class=\"attachment-thumbnail size-thumbnail\" alt=\"\" \/><\/a>\n\t\t\t<\/div><\/figure><figure class='gallery-item'>\n\t\t\t<div class='gallery-icon landscape'>\n\t\t\t\t<a href='https:\/\/ostrowskatv.pl\/?attachment_id=10302'><img loading=\"lazy\" decoding=\"async\" width=\"150\" height=\"150\" src=\"https:\/\/ostrowskatv.pl\/wp-content\/uploads\/2019\/09\/IMG_20190911_101507-01-150x150.jpeg\" class=\"attachment-thumbnail size-thumbnail\" alt=\"\" \/><\/a>\n\t\t\t<\/div><\/figure><figure class='gallery-item'>\n\t\t\t<div class='gallery-icon landscape'>\n\t\t\t\t<a href='https:\/\/ostrowskatv.pl\/?attachment_id=10303'><img loading=\"lazy\" decoding=\"async\" width=\"150\" height=\"150\" src=\"https:\/\/ostrowskatv.pl\/wp-content\/uploads\/2019\/09\/IMG_20190911_102057-01-150x150.jpeg\" class=\"attachment-thumbnail size-thumbnail\" alt=\"\" \/><\/a>\n\t\t\t<\/div><\/figure><figure class='gallery-item'>\n\t\t\t<div class='gallery-icon portrait'>\n\t\t\t\t<a href='https:\/\/ostrowskatv.pl\/?attachment_id=10304'><img loading=\"lazy\" decoding=\"async\" width=\"150\" height=\"150\" src=\"https:\/\/ostrowskatv.pl\/wp-content\/uploads\/2019\/09\/IMG_20190911_102724-01-01-150x150.jpeg\" class=\"attachment-thumbnail size-thumbnail\" alt=\"\" \/><\/a>\n\t\t\t<\/div><\/figure>\n\t\t<\/div>\n\n","protected":false},"excerpt":{"rendered":"O godzinie 10.00 dosz\u0142o do zderzenia dw\u00f3ch aut na skrzy\u017cowaniu Kr. Jadwigi i Al. S\u0142owackiego w Ostrowie Wlkp. Z ulicy Kr. Jadwigi wyjecha\u0142 \n<a class=\"moretag\" href=\"https:\/\/ostrowskatv.pl\/?p=10300\"> [...]<\/a>","protected":false},"author":1,"featured_media":10303,"comment_status":"open","ping_status":"closed","sticky":false,"template":"","format":"standard","meta":{"footnotes":""},"categories":[1],"tags":[2],"class_list":["post-10300","post","type-post","status-publish","format-standard","has-post-thumbnail","hentry","category-news","tag-ostrow-wielkopolski"],"_links":{"self":[{"href":"https:\/\/ostrowskatv.pl\/index.php?rest_route=\/wp\/v2\/posts\/10300","targetHints":{"allow":["GET"]}}],"collection":[{"href":"https:\/\/ostrowskatv.pl\/index.php?rest_route=\/wp\/v2\/posts"}],"about":[{"href":"https:\/\/ostrowskatv.pl\/index.php?rest_route=\/wp\/v2\/types\/post"}],"author":[{"embeddable":true,"href":"https:\/\/ostrowskatv.pl\/index.php?rest_route=\/wp\/v2\/users\/1"}],"replies":[{"embeddable":true,"href":"https:\/\/ostrowskatv.pl\/index.php?rest_route=%2Fwp%2Fv2%2Fcomments&post=10300"}],"version-history":[{"count":0,"href":"https:\/\/ostrowskatv.pl\/index.php?rest_route=\/wp\/v2\/posts\/10300\/revisions"}],"wp:featuredmedia":[{"embeddable":true,"href":"https:\/\/ostrowskatv.pl\/index.php?rest_route=\/wp\/v2\/media\/10303"}],"wp:attachment":[{"href":"https:\/\/ostrowskatv.pl\/index.php?rest_route=%2Fwp%2Fv2%2Fmedia&parent=10300"}],"wp:term":[{"taxonomy":"category","embeddable":true,"href":"https:\/\/ostrowskatv.pl\/index.php?rest_route=%2Fwp%2Fv2%2Fcategories&post=10300"},{"taxonomy":"post_tag","embeddable":true,"href":"https:\/\/ostrowskatv.pl\/index.php?rest_route=%2Fwp%2Fv2%2Ftags&post=10300"}],"curies":[{"name":"wp","href":"https:\/\/api.w.org\/{rel}","templated":true}]}}