{"id":10202,"date":"2019-08-28T11:36:39","date_gmt":"2019-08-28T10:36:39","guid":{"rendered":"http:\/\/ostrowska.tv\/?p=10202"},"modified":"2019-08-28T13:36:26","modified_gmt":"2019-08-28T12:36:26","slug":"motocyklista-splonal-na-wezle-franklinow","status":"publish","type":"post","link":"https:\/\/ostrowskatv.pl\/?p=10202","title":{"rendered":"Motocyklista sp\u0142on\u0105\u0142 na w\u0119\u017ale Franklin\u00f3w (aktualizacja)"},"content":{"rendered":"<p><strong>Do olbrzymiej tragedii dosz\u0142o na obwodnicy Ostrowa. Motocyklista sp\u0142on\u0105\u0142 po uderzeniu w barierki energoch\u0142onne. Wi\u0119cej informacji wkr\u00f3tce.<\/strong><\/p>\n<p>Na wiadukcie id\u0105cym od Franklinowa motocyklista uderzy\u0142 w bariery po lewej stronie jezdni. Tam najpewniej motocykl docisn\u0105\u0142 kierowc\u0119 do barier, zacz\u0105\u0142 si\u0119 pali\u0107 i tym samym nie da\u0142 szans na uratowanie motocyklisty.<\/p>\n<p>Na pocz\u0105tku kierowcy aut starali si\u0119 ugasi\u0107 go za pomoc\u0105 ga\u015bnic, ale bezskutecznie.<\/p>\n<p>Aktualizacja:<br \/>\nZe wst\u0119pnych ustale\u0144 wynika, \u017ce motocyklista jecha\u0142 od strony Ostrowa, przez Franklin\u00f3w. Wje\u017cd\u017caj\u0105c na wiadukt, wjecha\u0142 na wysepk\u0119. Przewr\u00f3ci\u0142 si\u0119 i wpad\u0142 w barier\u0119 energoch\u0142onn\u0105. Motocykl to najprawdopodobniej Kawasaki. Cia\u0142o motocyklisty doszcz\u0119tnie sp\u0142on\u0119\u0142o.<\/p>\n<div id='gallery-1' class='gallery galleryid-10202 gallery-columns-3 gallery-size-thumbnail'><figure class='gallery-item'>\n\t\t\t<div class='gallery-icon landscape'>\n\t\t\t\t<a href='https:\/\/ostrowskatv.pl\/?attachment_id=10209'><img loading=\"lazy\" decoding=\"async\" width=\"150\" height=\"150\" src=\"https:\/\/ostrowskatv.pl\/wp-content\/uploads\/2019\/08\/IMG_20190828_122358-02-150x150.jpeg\" class=\"attachment-thumbnail size-thumbnail\" alt=\"\" \/><\/a>\n\t\t\t<\/div><\/figure><figure class='gallery-item'>\n\t\t\t<div class='gallery-icon landscape'>\n\t\t\t\t<a href='https:\/\/ostrowskatv.pl\/?attachment_id=10208'><img loading=\"lazy\" decoding=\"async\" width=\"150\" height=\"150\" src=\"https:\/\/ostrowskatv.pl\/wp-content\/uploads\/2019\/08\/obwmotopozar1-150x150.jpeg\" class=\"attachment-thumbnail size-thumbnail\" alt=\"\" \/><\/a>\n\t\t\t<\/div><\/figure><figure class='gallery-item'>\n\t\t\t<div class='gallery-icon landscape'>\n\t\t\t\t<a href='https:\/\/ostrowskatv.pl\/?attachment_id=10203'><img loading=\"lazy\" decoding=\"async\" width=\"150\" height=\"150\" src=\"https:\/\/ostrowskatv.pl\/wp-content\/uploads\/2019\/08\/IMG_20190828_122617-01-150x150.jpeg\" class=\"attachment-thumbnail size-thumbnail\" alt=\"\" \/><\/a>\n\t\t\t<\/div><\/figure>\n\t\t<\/div>\n\n","protected":false},"excerpt":{"rendered":"Do olbrzymiej tragedii dosz\u0142o na obwodnicy Ostrowa. Motocyklista sp\u0142on\u0105\u0142 po uderzeniu w barierki energoch\u0142onne. Wi\u0119cej informacji wkr\u00f3tce. Na wiadukcie id\u0105cym od Franklinowa motocyklista \n<a class=\"moretag\" href=\"https:\/\/ostrowskatv.pl\/?p=10202\"> [...]<\/a>","protected":false},"author":1,"featured_media":10208,"comment_status":"open","ping_status":"closed","sticky":false,"template":"","format":"standard","meta":{"footnotes":""},"categories":[1],"tags":[139],"class_list":["post-10202","post","type-post","status-publish","format-standard","has-post-thumbnail","hentry","category-news","tag-obwodnica-ostrowa"],"_links":{"self":[{"href":"https:\/\/ostrowskatv.pl\/index.php?rest_route=\/wp\/v2\/posts\/10202","targetHints":{"allow":["GET"]}}],"collection":[{"href":"https:\/\/ostrowskatv.pl\/index.php?rest_route=\/wp\/v2\/posts"}],"about":[{"href":"https:\/\/ostrowskatv.pl\/index.php?rest_route=\/wp\/v2\/types\/post"}],"author":[{"embeddable":true,"href":"https:\/\/ostrowskatv.pl\/index.php?rest_route=\/wp\/v2\/users\/1"}],"replies":[{"embeddable":true,"href":"https:\/\/ostrowskatv.pl\/index.php?rest_route=%2Fwp%2Fv2%2Fcomments&post=10202"}],"version-history":[{"count":0,"href":"https:\/\/ostrowskatv.pl\/index.php?rest_route=\/wp\/v2\/posts\/10202\/revisions"}],"wp:featuredmedia":[{"embeddable":true,"href":"https:\/\/ostrowskatv.pl\/index.php?rest_route=\/wp\/v2\/media\/10208"}],"wp:attachment":[{"href":"https:\/\/ostrowskatv.pl\/index.php?rest_route=%2Fwp%2Fv2%2Fmedia&parent=10202"}],"wp:term":[{"taxonomy":"category","embeddable":true,"href":"https:\/\/ostrowskatv.pl\/index.php?rest_route=%2Fwp%2Fv2%2Fcategories&post=10202"},{"taxonomy":"post_tag","embeddable":true,"href":"https:\/\/ostrowskatv.pl\/index.php?rest_route=%2Fwp%2Fv2%2Ftags&post=10202"}],"curies":[{"name":"wp","href":"https:\/\/api.w.org\/{rel}","templated":true}]}}