{"id":10196,"date":"2019-08-27T20:06:05","date_gmt":"2019-08-27T19:06:05","guid":{"rendered":"http:\/\/ostrowska.tv\/?p=10196"},"modified":"2019-08-27T20:06:05","modified_gmt":"2019-08-27T19:06:05","slug":"drzewo-zmiazdzylo-samochod-drugi-w-nie-wjechal","status":"publish","type":"post","link":"https:\/\/ostrowskatv.pl\/?p=10196","title":{"rendered":"Drzewo zmia\u017cd\u017cy\u0142o samoch\u00f3d, drugi w nie wjecha\u0142"},"content":{"rendered":"<p><strong>Oko\u0142o godziny 16.30 dosz\u0142o do makabrycznie wygl\u0105daj\u0105cego wypadku. Na drodze Antonin &#8211; Ole\u015bnica k. miejscowo\u015bci Dro\u0142towice, gruby konar spad\u0142 na 2 auta.<\/strong><\/p>\n<p>Konar grubo\u015bci oko\u0142o 80 cm spad\u0142 na Peugeota z powiatu k\u0119pi\u0144skiego, kt\u00f3rym podr\u00f3\u017cowa\u0142 m\u0142ody m\u0119\u017cczyzna. Mo\u017ce on m\u00f3wi\u0107 o prawdziwym cudzie, poniewa\u017c prze\u017cy\u0142 tylko dlatego, \u017ce jego g\u0142owa wybi\u0142a dziur\u0119 w przedniej szybie. Natomiast dach i tym samym ca\u0142a kabina pasa\u017cerska zosta\u0142a zmia\u017cd\u017cona. Poszkodowany zosta\u0142 zabrany wroc\u0142awskim \u015bmig\u0142owcem LPR do szpitala.\u00a0 M\u0119\u017cczyzna by\u0142 nieprzytomny i mia\u0142 uraz g\u0142owy oraz ko\u0144czyn g\u00f3rnych.<\/p>\n<p>Z drugiego samochodu Hyundai, kt\u00f3rym podr\u00f3\u017cowa\u0142y cztery osoby nikt mocno nie ucierpia\u0142. Na badania lekarskie przewieziono dwie kobiety.<\/p>\n<p>Droga krajowa nr 25 by\u0142a zablokowana przez kilka godzin.<\/p>\n<div id='gallery-1' class='gallery galleryid-10196 gallery-columns-3 gallery-size-thumbnail'><figure class='gallery-item'>\n\t\t\t<div class='gallery-icon landscape'>\n\t\t\t\t<a href='https:\/\/ostrowskatv.pl\/?attachment_id=10197'><img loading=\"lazy\" decoding=\"async\" width=\"150\" height=\"150\" src=\"https:\/\/ostrowskatv.pl\/wp-content\/uploads\/2019\/08\/IMG_20190827_191225-01-150x150.jpeg\" class=\"attachment-thumbnail size-thumbnail\" alt=\"\" \/><\/a>\n\t\t\t<\/div><\/figure><figure class='gallery-item'>\n\t\t\t<div class='gallery-icon landscape'>\n\t\t\t\t<a href='https:\/\/ostrowskatv.pl\/?attachment_id=10198'><img loading=\"lazy\" decoding=\"async\" width=\"150\" height=\"150\" src=\"https:\/\/ostrowskatv.pl\/wp-content\/uploads\/2019\/08\/IMG_20190827_191219-01-150x150.jpeg\" class=\"attachment-thumbnail size-thumbnail\" alt=\"\" \/><\/a>\n\t\t\t<\/div><\/figure><figure class='gallery-item'>\n\t\t\t<div class='gallery-icon landscape'>\n\t\t\t\t<a href='https:\/\/ostrowskatv.pl\/?attachment_id=10199'><img loading=\"lazy\" decoding=\"async\" width=\"150\" height=\"150\" src=\"https:\/\/ostrowskatv.pl\/wp-content\/uploads\/2019\/08\/IMG_20190827_191236-01-150x150.jpeg\" class=\"attachment-thumbnail size-thumbnail\" alt=\"\" \/><\/a>\n\t\t\t<\/div><\/figure><figure class='gallery-item'>\n\t\t\t<div class='gallery-icon landscape'>\n\t\t\t\t<a href='https:\/\/ostrowskatv.pl\/?attachment_id=10200'><img loading=\"lazy\" decoding=\"async\" width=\"150\" height=\"150\" src=\"https:\/\/ostrowskatv.pl\/wp-content\/uploads\/2019\/08\/IMG_20190827_191254-01-150x150.jpeg\" class=\"attachment-thumbnail size-thumbnail\" alt=\"\" \/><\/a>\n\t\t\t<\/div><\/figure>\n\t\t<\/div>\n\n","protected":false},"excerpt":{"rendered":"Oko\u0142o godziny 16.30 dosz\u0142o do makabrycznie wygl\u0105daj\u0105cego wypadku. Na drodze Antonin &#8211; Ole\u015bnica k. miejscowo\u015bci Dro\u0142towice, gruby konar spad\u0142 na 2 auta. Konar \n<a class=\"moretag\" href=\"https:\/\/ostrowskatv.pl\/?p=10196\"> [...]<\/a>","protected":false},"author":1,"featured_media":10197,"comment_status":"open","ping_status":"closed","sticky":false,"template":"","format":"standard","meta":{"footnotes":""},"categories":[1],"tags":[11],"class_list":["post-10196","post","type-post","status-publish","format-standard","has-post-thumbnail","hentry","category-news","tag-wypadek"],"_links":{"self":[{"href":"https:\/\/ostrowskatv.pl\/index.php?rest_route=\/wp\/v2\/posts\/10196","targetHints":{"allow":["GET"]}}],"collection":[{"href":"https:\/\/ostrowskatv.pl\/index.php?rest_route=\/wp\/v2\/posts"}],"about":[{"href":"https:\/\/ostrowskatv.pl\/index.php?rest_route=\/wp\/v2\/types\/post"}],"author":[{"embeddable":true,"href":"https:\/\/ostrowskatv.pl\/index.php?rest_route=\/wp\/v2\/users\/1"}],"replies":[{"embeddable":true,"href":"https:\/\/ostrowskatv.pl\/index.php?rest_route=%2Fwp%2Fv2%2Fcomments&post=10196"}],"version-history":[{"count":0,"href":"https:\/\/ostrowskatv.pl\/index.php?rest_route=\/wp\/v2\/posts\/10196\/revisions"}],"wp:featuredmedia":[{"embeddable":true,"href":"https:\/\/ostrowskatv.pl\/index.php?rest_route=\/wp\/v2\/media\/10197"}],"wp:attachment":[{"href":"https:\/\/ostrowskatv.pl\/index.php?rest_route=%2Fwp%2Fv2%2Fmedia&parent=10196"}],"wp:term":[{"taxonomy":"category","embeddable":true,"href":"https:\/\/ostrowskatv.pl\/index.php?rest_route=%2Fwp%2Fv2%2Fcategories&post=10196"},{"taxonomy":"post_tag","embeddable":true,"href":"https:\/\/ostrowskatv.pl\/index.php?rest_route=%2Fwp%2Fv2%2Ftags&post=10196"}],"curies":[{"name":"wp","href":"https:\/\/api.w.org\/{rel}","templated":true}]}}