{"id":10192,"date":"2019-08-27T16:08:06","date_gmt":"2019-08-27T15:08:06","guid":{"rendered":"http:\/\/ostrowska.tv\/?p=10192"},"modified":"2019-08-27T16:08:06","modified_gmt":"2019-08-27T15:08:06","slug":"splonelo-14-bykow-po-uderzeniu-pioruna","status":"publish","type":"post","link":"https:\/\/ostrowskatv.pl\/?p=10192","title":{"rendered":"Sp\u0142on\u0119\u0142o 14 byk\u00f3w po uderzeniu pioruna"},"content":{"rendered":"<p><strong>Prawdopodobnie 14 byk\u00f3w sp\u0142on\u0119\u0142o po uderzeniu pioruna. Do tragicznego po\u017caru dosz\u0142o w Jankowie Przygodzkim. Kilkana\u015bcie sztuk byd\u0142a uda\u0142o si\u0119 uratowa\u0107.<\/strong><\/p>\n<div id='gallery-1' class='gallery galleryid-10192 gallery-columns-3 gallery-size-thumbnail'><figure class='gallery-item'>\n\t\t\t<div class='gallery-icon landscape'>\n\t\t\t\t<a href='https:\/\/ostrowskatv.pl\/?attachment_id=10193'><img loading=\"lazy\" decoding=\"async\" width=\"150\" height=\"150\" src=\"https:\/\/ostrowskatv.pl\/wp-content\/uploads\/2019\/08\/IMG_20190827_162413-01-150x150.jpeg\" class=\"attachment-thumbnail size-thumbnail\" alt=\"\" \/><\/a>\n\t\t\t<\/div><\/figure><figure class='gallery-item'>\n\t\t\t<div class='gallery-icon landscape'>\n\t\t\t\t<a href='https:\/\/ostrowskatv.pl\/?attachment_id=10194'><img loading=\"lazy\" decoding=\"async\" width=\"150\" height=\"150\" src=\"https:\/\/ostrowskatv.pl\/wp-content\/uploads\/2019\/08\/IMG_20190827_161535-01-150x150.jpeg\" class=\"attachment-thumbnail size-thumbnail\" alt=\"\" \/><\/a>\n\t\t\t<\/div><\/figure>\n\t\t<\/div>\n\n","protected":false},"excerpt":{"rendered":"Prawdopodobnie 14 byk\u00f3w sp\u0142on\u0119\u0142o po uderzeniu pioruna. Do tragicznego po\u017caru dosz\u0142o w Jankowie Przygodzkim. Kilkana\u015bcie sztuk byd\u0142a uda\u0142o si\u0119 uratowa\u0107.\n<a class=\"moretag\" href=\"https:\/\/ostrowskatv.pl\/?p=10192\"> [...]<\/a>","protected":false},"author":1,"featured_media":10194,"comment_status":"open","ping_status":"closed","sticky":false,"template":"","format":"standard","meta":{"footnotes":""},"categories":[1],"tags":[94],"class_list":["post-10192","post","type-post","status-publish","format-standard","has-post-thumbnail","hentry","category-news","tag-jankow-przygodzki"],"_links":{"self":[{"href":"https:\/\/ostrowskatv.pl\/index.php?rest_route=\/wp\/v2\/posts\/10192","targetHints":{"allow":["GET"]}}],"collection":[{"href":"https:\/\/ostrowskatv.pl\/index.php?rest_route=\/wp\/v2\/posts"}],"about":[{"href":"https:\/\/ostrowskatv.pl\/index.php?rest_route=\/wp\/v2\/types\/post"}],"author":[{"embeddable":true,"href":"https:\/\/ostrowskatv.pl\/index.php?rest_route=\/wp\/v2\/users\/1"}],"replies":[{"embeddable":true,"href":"https:\/\/ostrowskatv.pl\/index.php?rest_route=%2Fwp%2Fv2%2Fcomments&post=10192"}],"version-history":[{"count":0,"href":"https:\/\/ostrowskatv.pl\/index.php?rest_route=\/wp\/v2\/posts\/10192\/revisions"}],"wp:featuredmedia":[{"embeddable":true,"href":"https:\/\/ostrowskatv.pl\/index.php?rest_route=\/wp\/v2\/media\/10194"}],"wp:attachment":[{"href":"https:\/\/ostrowskatv.pl\/index.php?rest_route=%2Fwp%2Fv2%2Fmedia&parent=10192"}],"wp:term":[{"taxonomy":"category","embeddable":true,"href":"https:\/\/ostrowskatv.pl\/index.php?rest_route=%2Fwp%2Fv2%2Fcategories&post=10192"},{"taxonomy":"post_tag","embeddable":true,"href":"https:\/\/ostrowskatv.pl\/index.php?rest_route=%2Fwp%2Fv2%2Ftags&post=10192"}],"curies":[{"name":"wp","href":"https:\/\/api.w.org\/{rel}","templated":true}]}}