{"id":10148,"date":"2019-08-24T09:58:51","date_gmt":"2019-08-24T08:58:51","guid":{"rendered":"http:\/\/ostrowska.tv\/?p=10148"},"modified":"2019-08-24T12:03:55","modified_gmt":"2019-08-24T11:03:55","slug":"zderzenie-mercedesa-z-lokomotywa","status":"publish","type":"post","link":"https:\/\/ostrowskatv.pl\/?p=10148","title":{"rendered":"Zderzenie Mercedesa z lokomotyw\u0105"},"content":{"rendered":"<p><strong>Po godzinie 10.00 dosz\u0142o do zderzenia Mercedesa z lokomotyw\u0105. Autem podr\u00f3\u017cowa\u0142a kobieta, kt\u00f3ra opu\u015bci\u0142a pojazd o w\u0142asnych si\u0142ach. Zosta\u0142a zabrana karetk\u0105 do szpitala. Przejazd przy Grudzielcu Nowym jest niestrze\u017cony.\u00a0<\/strong><\/p>\n<p>Jak powiedzieli \u015bwiadkowie, najpierw przeje\u017cd\u017ca\u0142 poci\u0105g towarowy. Kiedy on zjecha\u0142 z przejazdu, 66-letnia kobieta z Mercedesa wjecha\u0142a na torowisko. Drugim torem jecha\u0142a lokomotyw\u0105, kt\u00f3ra uderzy\u0142a w tylny naro\u017cnik od strony pasa\u017cera. Auto po wpadni\u0119ciu do rowu zatrzyma\u0142o si\u0119 na boku. Kobieta wysz\u0142a ty\u0142em przez rozszarpan\u0105 karoseri\u0119.<\/p>\n<div id='gallery-1' class='gallery galleryid-10148 gallery-columns-3 gallery-size-thumbnail'><figure class='gallery-item'>\n\t\t\t<div class='gallery-icon landscape'>\n\t\t\t\t<a href='https:\/\/ostrowskatv.pl\/?attachment_id=10149'><img loading=\"lazy\" decoding=\"async\" width=\"150\" height=\"150\" src=\"https:\/\/ostrowskatv.pl\/wp-content\/uploads\/2019\/08\/IMG_20190824_104823-01-150x150.jpeg\" class=\"attachment-thumbnail size-thumbnail\" alt=\"\" \/><\/a>\n\t\t\t<\/div><\/figure><figure class='gallery-item'>\n\t\t\t<div class='gallery-icon landscape'>\n\t\t\t\t<a href='https:\/\/ostrowskatv.pl\/?attachment_id=10150'><img loading=\"lazy\" decoding=\"async\" width=\"150\" height=\"150\" src=\"https:\/\/ostrowskatv.pl\/wp-content\/uploads\/2019\/08\/IMG_20190824_104947-01-150x150.jpeg\" class=\"attachment-thumbnail size-thumbnail\" alt=\"\" \/><\/a>\n\t\t\t<\/div><\/figure><figure class='gallery-item'>\n\t\t\t<div class='gallery-icon landscape'>\n\t\t\t\t<a href='https:\/\/ostrowskatv.pl\/?attachment_id=10151'><img loading=\"lazy\" decoding=\"async\" width=\"150\" height=\"150\" src=\"https:\/\/ostrowskatv.pl\/wp-content\/uploads\/2019\/08\/IMG_20190824_104938-01-150x150.jpeg\" class=\"attachment-thumbnail size-thumbnail\" alt=\"\" \/><\/a>\n\t\t\t<\/div><\/figure><figure class='gallery-item'>\n\t\t\t<div class='gallery-icon landscape'>\n\t\t\t\t<a href='https:\/\/ostrowskatv.pl\/?attachment_id=10152'><img loading=\"lazy\" decoding=\"async\" width=\"150\" height=\"150\" src=\"https:\/\/ostrowskatv.pl\/wp-content\/uploads\/2019\/08\/IMG_20190824_104927-01-150x150.jpeg\" class=\"attachment-thumbnail size-thumbnail\" alt=\"\" \/><\/a>\n\t\t\t<\/div><\/figure><figure class='gallery-item'>\n\t\t\t<div class='gallery-icon landscape'>\n\t\t\t\t<a href='https:\/\/ostrowskatv.pl\/?attachment_id=10153'><img loading=\"lazy\" decoding=\"async\" width=\"150\" height=\"150\" src=\"https:\/\/ostrowskatv.pl\/wp-content\/uploads\/2019\/08\/IMG_20190824_104849-01-150x150.jpeg\" class=\"attachment-thumbnail size-thumbnail\" alt=\"\" \/><\/a>\n\t\t\t<\/div><\/figure><figure class='gallery-item'>\n\t\t\t<div class='gallery-icon portrait'>\n\t\t\t\t<a href='https:\/\/ostrowskatv.pl\/?attachment_id=10155'><img loading=\"lazy\" decoding=\"async\" width=\"150\" height=\"150\" src=\"https:\/\/ostrowskatv.pl\/wp-content\/uploads\/2019\/08\/IMG_20190824_111022-01-150x150.jpeg\" class=\"attachment-thumbnail size-thumbnail\" alt=\"\" \/><\/a>\n\t\t\t<\/div><\/figure>\n\t\t<\/div>\n\n<p>&nbsp;<\/p>\n","protected":false},"excerpt":{"rendered":"Po godzinie 10.00 dosz\u0142o do zderzenia Mercedesa z lokomotyw\u0105. Autem podr\u00f3\u017cowa\u0142a kobieta, kt\u00f3ra opu\u015bci\u0142a pojazd o w\u0142asnych si\u0142ach. Zosta\u0142a zabrana karetk\u0105 do szpitala. \n<a class=\"moretag\" href=\"https:\/\/ostrowskatv.pl\/?p=10148\"> [...]<\/a>","protected":false},"author":1,"featured_media":10151,"comment_status":"open","ping_status":"closed","sticky":false,"template":"","format":"standard","meta":{"footnotes":""},"categories":[1],"tags":[185],"class_list":["post-10148","post","type-post","status-publish","format-standard","has-post-thumbnail","hentry","category-news","tag-grudzielec-nowy"],"_links":{"self":[{"href":"https:\/\/ostrowskatv.pl\/index.php?rest_route=\/wp\/v2\/posts\/10148","targetHints":{"allow":["GET"]}}],"collection":[{"href":"https:\/\/ostrowskatv.pl\/index.php?rest_route=\/wp\/v2\/posts"}],"about":[{"href":"https:\/\/ostrowskatv.pl\/index.php?rest_route=\/wp\/v2\/types\/post"}],"author":[{"embeddable":true,"href":"https:\/\/ostrowskatv.pl\/index.php?rest_route=\/wp\/v2\/users\/1"}],"replies":[{"embeddable":true,"href":"https:\/\/ostrowskatv.pl\/index.php?rest_route=%2Fwp%2Fv2%2Fcomments&post=10148"}],"version-history":[{"count":0,"href":"https:\/\/ostrowskatv.pl\/index.php?rest_route=\/wp\/v2\/posts\/10148\/revisions"}],"wp:featuredmedia":[{"embeddable":true,"href":"https:\/\/ostrowskatv.pl\/index.php?rest_route=\/wp\/v2\/media\/10151"}],"wp:attachment":[{"href":"https:\/\/ostrowskatv.pl\/index.php?rest_route=%2Fwp%2Fv2%2Fmedia&parent=10148"}],"wp:term":[{"taxonomy":"category","embeddable":true,"href":"https:\/\/ostrowskatv.pl\/index.php?rest_route=%2Fwp%2Fv2%2Fcategories&post=10148"},{"taxonomy":"post_tag","embeddable":true,"href":"https:\/\/ostrowskatv.pl\/index.php?rest_route=%2Fwp%2Fv2%2Ftags&post=10148"}],"curies":[{"name":"wp","href":"https:\/\/api.w.org\/{rel}","templated":true}]}}