{"id":10123,"date":"2019-08-19T14:55:00","date_gmt":"2019-08-19T13:55:00","guid":{"rendered":"http:\/\/ostrowska.tv\/?p=10123"},"modified":"2019-08-19T15:22:24","modified_gmt":"2019-08-19T14:22:24","slug":"napad-na-bank-santander-przy-rondzie","status":"publish","type":"post","link":"https:\/\/ostrowskatv.pl\/?p=10123","title":{"rendered":"Napad na bank Santander przy Rondzie"},"content":{"rendered":"<p><strong>Przed godzin\u0105 16.00 dosz\u0142o do napadu na bank Santander przy Rondzie Bankowym. Sprawca mia\u0142 przedmiot przypominaj\u0105cy bro\u0144. M\u0119\u017cczyzna w wieku oko\u0142o 40 lat. Pieni\u0119dzy nie dosta\u0142 i uciek\u0142. \/strong><\/p>\n<p>{openx:1}<\/p>\n<p>Podszed\u0142 do kasjerki i powiedzia\u0142 to napad, dajcie pieni\u0105dze.\u00a0<\/p>\n<p>Mia\u0142 bia\u0142y t-shirt, \u017c\u00f3\u0142ty plecak. By\u0142 kr\u0119pej budowy cia\u0142a, \u0142ysy. Mia\u0142 na sobie \u017c\u00f3\u0142te okulary z czarnymi oprawkami.<\/p>\n","protected":false},"excerpt":{"rendered":"Przed godzin\u0105 16.00 dosz\u0142o do napadu na bank Santander przy Rondzie Bankowym. Sprawca mia\u0142 przedmiot przypominaj\u0105cy bro\u0144. M\u0119\u017cczyzna w wieku oko\u0142o 40 lat. \n<a class=\"moretag\" href=\"https:\/\/ostrowskatv.pl\/?p=10123\"> [...]<\/a>","protected":false},"author":1,"featured_media":10124,"comment_status":"open","ping_status":"closed","sticky":false,"template":"","format":"standard","meta":{"footnotes":""},"categories":[1],"tags":[2],"class_list":["post-10123","post","type-post","status-publish","format-standard","has-post-thumbnail","hentry","category-news","tag-ostrow-wielkopolski"],"_links":{"self":[{"href":"https:\/\/ostrowskatv.pl\/index.php?rest_route=\/wp\/v2\/posts\/10123","targetHints":{"allow":["GET"]}}],"collection":[{"href":"https:\/\/ostrowskatv.pl\/index.php?rest_route=\/wp\/v2\/posts"}],"about":[{"href":"https:\/\/ostrowskatv.pl\/index.php?rest_route=\/wp\/v2\/types\/post"}],"author":[{"embeddable":true,"href":"https:\/\/ostrowskatv.pl\/index.php?rest_route=\/wp\/v2\/users\/1"}],"replies":[{"embeddable":true,"href":"https:\/\/ostrowskatv.pl\/index.php?rest_route=%2Fwp%2Fv2%2Fcomments&post=10123"}],"version-history":[{"count":0,"href":"https:\/\/ostrowskatv.pl\/index.php?rest_route=\/wp\/v2\/posts\/10123\/revisions"}],"wp:featuredmedia":[{"embeddable":true,"href":"https:\/\/ostrowskatv.pl\/index.php?rest_route=\/wp\/v2\/media\/10124"}],"wp:attachment":[{"href":"https:\/\/ostrowskatv.pl\/index.php?rest_route=%2Fwp%2Fv2%2Fmedia&parent=10123"}],"wp:term":[{"taxonomy":"category","embeddable":true,"href":"https:\/\/ostrowskatv.pl\/index.php?rest_route=%2Fwp%2Fv2%2Fcategories&post=10123"},{"taxonomy":"post_tag","embeddable":true,"href":"https:\/\/ostrowskatv.pl\/index.php?rest_route=%2Fwp%2Fv2%2Ftags&post=10123"}],"curies":[{"name":"wp","href":"https:\/\/api.w.org\/{rel}","templated":true}]}}