{"id":10110,"date":"2019-08-15T16:37:49","date_gmt":"2019-08-15T15:37:49","guid":{"rendered":"http:\/\/ostrowska.tv\/?p=10110"},"modified":"2019-08-15T16:37:49","modified_gmt":"2019-08-15T15:37:49","slug":"zrywali-kaczora-podczas-festynu-w-wysocku-wlk","status":"publish","type":"post","link":"https:\/\/ostrowskatv.pl\/?p=10110","title":{"rendered":"Zrywali kaczora podczas festynu w Wysocku Wlk."},"content":{"rendered":"<p><strong>T\u0142um mieszka\u0144c\u00f3w z regionu pojawi\u0142 si\u0119 w Wysocku Wielkim na festynie, kt\u00f3ry zorganizowano w czwartkowe popo\u0142udnie. G\u0142\u00f3wn\u0105 atrakcj\u0105 by\u0142y konkurencje zrywania &#8222;kaczora Donalda&#8221; przez je\u017ad\u017ac\u00f3w konnych. Tym razem by\u0142a to pluszowa maskotka, ale starsi mieszka\u0144cy pami\u0119taj\u0105 czasy, gdy na linie wisia\u0142 \u017cywy kaczor lub ze \u015bwie\u017co poder\u017cni\u0119tym gard\u0142em.<\/strong><\/p>\n<p>Du\u017ce wzi\u0119cie mia\u0142y stoiska gastronomiczne, gdzie serwowano bezp\u0142atne porcje potrawy z kaczki oraz lody.<\/p>\n<p>Na obrze\u017cach by\u0142y trampoliny, zamki dmuchane, strzelnica oraz zabawa dla ma\u0142ych stra\u017cak\u00f3w sikaj\u0105cych wod\u0105 do celu.<\/p>\n<p>&nbsp;<\/p>\n<p>(jutro wi\u0119cej zdj\u0119\u0107)<\/p>\n","protected":false},"excerpt":{"rendered":"T\u0142um mieszka\u0144c\u00f3w z regionu pojawi\u0142 si\u0119 w Wysocku Wielkim na festynie, kt\u00f3ry zorganizowano w czwartkowe popo\u0142udnie. G\u0142\u00f3wn\u0105 atrakcj\u0105 by\u0142y konkurencje zrywania &#8222;kaczora Donalda&#8221; \n<a class=\"moretag\" href=\"https:\/\/ostrowskatv.pl\/?p=10110\"> [...]<\/a>","protected":false},"author":1,"featured_media":10115,"comment_status":"open","ping_status":"closed","sticky":false,"template":"","format":"standard","meta":{"footnotes":""},"categories":[1],"tags":[99],"class_list":["post-10110","post","type-post","status-publish","format-standard","has-post-thumbnail","hentry","category-news","tag-wysocko-wielkie"],"_links":{"self":[{"href":"https:\/\/ostrowskatv.pl\/index.php?rest_route=\/wp\/v2\/posts\/10110","targetHints":{"allow":["GET"]}}],"collection":[{"href":"https:\/\/ostrowskatv.pl\/index.php?rest_route=\/wp\/v2\/posts"}],"about":[{"href":"https:\/\/ostrowskatv.pl\/index.php?rest_route=\/wp\/v2\/types\/post"}],"author":[{"embeddable":true,"href":"https:\/\/ostrowskatv.pl\/index.php?rest_route=\/wp\/v2\/users\/1"}],"replies":[{"embeddable":true,"href":"https:\/\/ostrowskatv.pl\/index.php?rest_route=%2Fwp%2Fv2%2Fcomments&post=10110"}],"version-history":[{"count":0,"href":"https:\/\/ostrowskatv.pl\/index.php?rest_route=\/wp\/v2\/posts\/10110\/revisions"}],"wp:featuredmedia":[{"embeddable":true,"href":"https:\/\/ostrowskatv.pl\/index.php?rest_route=\/wp\/v2\/media\/10115"}],"wp:attachment":[{"href":"https:\/\/ostrowskatv.pl\/index.php?rest_route=%2Fwp%2Fv2%2Fmedia&parent=10110"}],"wp:term":[{"taxonomy":"category","embeddable":true,"href":"https:\/\/ostrowskatv.pl\/index.php?rest_route=%2Fwp%2Fv2%2Fcategories&post=10110"},{"taxonomy":"post_tag","embeddable":true,"href":"https:\/\/ostrowskatv.pl\/index.php?rest_route=%2Fwp%2Fv2%2Ftags&post=10110"}],"curies":[{"name":"wp","href":"https:\/\/api.w.org\/{rel}","templated":true}]}}