{"id":10103,"date":"2019-08-14T09:43:17","date_gmt":"2019-08-14T08:43:17","guid":{"rendered":"http:\/\/ostrowska.tv\/?p=10103"},"modified":"2019-08-14T09:43:17","modified_gmt":"2019-08-14T08:43:17","slug":"uspiono-psy-nagranie-wywolalo-emocje","status":"publish","type":"post","link":"https:\/\/ostrowskatv.pl\/?p=10103","title":{"rendered":"U\u015bpiono psy &#8211; nagranie wywo\u0142a\u0142o emocje"},"content":{"rendered":"<p><strong>Jeden z ostrowskich mi\u0142o\u015bnik\u00f3w zwierz\u0105t opublikowa\u0142 nagranie, na kt\u00f3rym wida\u0107 jak karmi psa psa, kt\u00f3ry niedawno trafi\u0142 do Schroniska dla Bezdomnych Zwierz\u0105t w Wysocku Wielkim. Nast\u0119pnego dnia m.in. ten pies zosta\u0142 u\u015bpiony, a wraz z nim 6 innych czworonog\u00f3w, kt\u00f3re wcze\u015bniej w\u0142\u00f3czy\u0142y si\u0119 w okolicach M\u0142ynowa\/Kwiatkowa. <\/strong><\/p>\n<p>Sfora bezpa\u0144skich i dzikich ps\u00f3w zosta\u0142a wy\u0142apana przez pracownik\u00f3w schroniska za pomoc\u0105 klatki-pu\u0142apki. Poniewa\u017c niedawno jeden z pracownik\u00f3w schroniska zosta\u0142 ugryziony przez psa nienadaj\u0105cego si\u0119 do adopcji, podj\u0119to decyzj\u0119 o u\u015bpieniu dopiero co wy\u0142apanych ps\u00f3w.<\/p>\n<p>Ta decyzja nie spodoba\u0142a si\u0119 panu Maciejowi Trzci\u0144skiemu, kt\u00f3ry napisa\u0142 na Facebooku:<\/p>\n<p>Wczoraj, decyzj\u0105 nie wiadomo w ko\u0144cu kogo, u\u015bpione zosta\u0142y dwa psy, od\u0142owione wcze\u015bniej jako dziko \u017cyj\u0105ce. Tak, jak staram si\u0119 zrozumie\u0107, \u017ce decyzj\u0119 tak\u0105 trzeba podj\u0105\u0107 w stosunku do ps\u00f3w agresywnych, zagra\u017caj\u0105cych \u017cyciu i zdrowiu ludzi, tak nie rozumiem lekko\u015bci i \u0142atwo\u015bci wykonania wyroku na psach wycofanych.<br \/>\nSzanowni Pa\u0144stwo &#8211; prosz\u0119 nie dzwoni\u0107 i nie pisa\u0107 do mnie w sprawach interwencji, kt\u00f3re zako\u0144czy\u0107 si\u0119 mog\u0105 odebraniem zwierz\u0105t czy te\u017c pomocy w ich od\u0142awianiu, poniewa\u017c nie b\u0119d\u0119 im m\u00f3g\u0142 zapewni\u0107 dalszej opieki. Bez mojej ingerencji i pomocy mo\u017ce prze\u017cyj\u0105.<br \/>\nTo tragiczne wydarzenie odbija si\u0119 echem szerokim&#8230;. otrzyma\u0142em wyja\u015bnienie, \u017ce decyzj\u0119 o u\u015bpieniu ps\u00f3w podj\u0105\u0142&#8230;. nie wiadomo w ko\u0144cu kto, a weterynarz schroniska by\u0142 tylko wykonawc\u0105 tej decyzji&#8230;<br \/>\nW pierwszej wersji postu &#8211; decyzja nale\u017ca\u0142a r\u00f3wnie\u017c do weterynarza. Wynika\u0142o to z rozmowy z pracownikami schroniska.<\/p>\n<p>Film nakr\u0119ci\u0142em przedwczoraj, wczoraj psy zosta\u0142y u\u015bpione.<br \/>\n<iframe loading=\"lazy\" src=\"https:\/\/www.facebook.com\/plugins\/video.php?href=https%3A%2F%2Fwww.facebook.com%2Fmaciej.trzcinski.35%2Fvideos%2F2185273964935493%2F&#038;show_text=0&#038;width=267\" width=\"267\" height=\"476\" style=\"border:none;overflow:hidden\" scrolling=\"no\" frameborder=\"0\" allowTransparency=\"true\" allowFullScreen=\"true\"><\/iframe><\/p>\n<p>Ostrowskie schronisko jednak jest bardzo ostro\u017cne przy podejmowaniu decyzji o eutanazji czworonoga. W samym 2018 roku zdecydowano si\u0119 na ten ostateczny zabieg wobec 11 ps\u00f3w na 762 psy, kt\u00f3re przewin\u0119\u0142y si\u0119 przez schronisko. U\u015bpione psy zakwalifikowano jako stanowi\u0105ce zagro\u017cenie dla pracownik\u00f3w, a tak\u017ce brak miejsc w schronisku dla ps\u00f3w rokuj\u0105cych na przekazanie do adopcji. Stosunkowo \u0142agodne zachowanie psa na nagraniu spowodowane &#8211; wed\u0142ug przedstawicieli schroniska &#8211; podaniem kie\u0142basy.<\/p>\n<p>Zarz\u0105dca ostrowskiego schroniska otrzymuje op\u0142at\u0119 rycza\u0142tow\u0105 bez wzgl\u0119du na liczb\u0119 przebywaj\u0105cych ps\u00f3w.<\/p>\n","protected":false},"excerpt":{"rendered":"Jeden z ostrowskich mi\u0142o\u015bnik\u00f3w zwierz\u0105t opublikowa\u0142 nagranie, na kt\u00f3rym wida\u0107 jak karmi psa psa, kt\u00f3ry niedawno trafi\u0142 do Schroniska dla Bezdomnych Zwierz\u0105t w \n<a class=\"moretag\" href=\"https:\/\/ostrowskatv.pl\/?p=10103\"> [...]<\/a>","protected":false},"author":1,"featured_media":10104,"comment_status":"open","ping_status":"closed","sticky":false,"template":"","format":"standard","meta":{"footnotes":""},"categories":[1],"tags":[161],"class_list":["post-10103","post","type-post","status-publish","format-standard","has-post-thumbnail","hentry","category-news","tag-zwierzeta"],"_links":{"self":[{"href":"https:\/\/ostrowskatv.pl\/index.php?rest_route=\/wp\/v2\/posts\/10103","targetHints":{"allow":["GET"]}}],"collection":[{"href":"https:\/\/ostrowskatv.pl\/index.php?rest_route=\/wp\/v2\/posts"}],"about":[{"href":"https:\/\/ostrowskatv.pl\/index.php?rest_route=\/wp\/v2\/types\/post"}],"author":[{"embeddable":true,"href":"https:\/\/ostrowskatv.pl\/index.php?rest_route=\/wp\/v2\/users\/1"}],"replies":[{"embeddable":true,"href":"https:\/\/ostrowskatv.pl\/index.php?rest_route=%2Fwp%2Fv2%2Fcomments&post=10103"}],"version-history":[{"count":0,"href":"https:\/\/ostrowskatv.pl\/index.php?rest_route=\/wp\/v2\/posts\/10103\/revisions"}],"wp:featuredmedia":[{"embeddable":true,"href":"https:\/\/ostrowskatv.pl\/index.php?rest_route=\/wp\/v2\/media\/10104"}],"wp:attachment":[{"href":"https:\/\/ostrowskatv.pl\/index.php?rest_route=%2Fwp%2Fv2%2Fmedia&parent=10103"}],"wp:term":[{"taxonomy":"category","embeddable":true,"href":"https:\/\/ostrowskatv.pl\/index.php?rest_route=%2Fwp%2Fv2%2Fcategories&post=10103"},{"taxonomy":"post_tag","embeddable":true,"href":"https:\/\/ostrowskatv.pl\/index.php?rest_route=%2Fwp%2Fv2%2Ftags&post=10103"}],"curies":[{"name":"wp","href":"https:\/\/api.w.org\/{rel}","templated":true}]}}