{"id":10102,"date":"2019-08-14T10:08:44","date_gmt":"2019-08-14T09:08:44","guid":{"rendered":"http:\/\/ostrowska.tv\/?p=10102"},"modified":"2019-08-14T10:08:44","modified_gmt":"2019-08-14T09:08:44","slug":"czy-likwidowac-gniazda-os","status":"publish","type":"post","link":"https:\/\/ostrowskatv.pl\/?p=10102","title":{"rendered":"Czy likwidowa\u0107 gniazda os?"},"content":{"rendered":"<p><strong>Osy tworz\u0105 gniazda blisko siedlisk ludzkich, co wywo\u0142uje niepok\u00f3j u cz\u0119\u015bci mieszka\u0144c\u00f3w. Ci w obawie o bezpiecze\u0144stwo w\u0142asne i bliskich, decyduj\u0105 si\u0119 na ich usuni\u0119cie. Czy s\u0142usznie? Okazuje si\u0119, \u017ce osy maj\u0105 bardzo po\u017cyteczn\u0105 funkcj\u0119 w \u015brodowisku, a ataki z ich strony s\u0105 bardzo rzadkie. <\/strong><\/p>\n<p>Stra\u017c po\u017carna w powiecie ostrowskim notuje dziennie \u015brednio 2 wyjazdy wozem bojowym przystosowanym do ratowania \u017cycia ludzkiego oraz mienia do usuwania gniazd owad\u00f3w b\u0142onkoskrzyd\u0142ych. W\u00f3z jest w pe\u0142nej obsadzie 5 stra\u017cak\u00f3w. Mieszka\u0144cy mogliby zadzwoni\u0107 po prywatn\u0105 firm\u0119, ale tej musieliby zap\u0142aci\u0107 oko\u0142o 150 z\u0142. Stra\u017cacy natomiast oczekuj\u0105, \u017ce mieszkaniec b\u0119dzie mie\u0107 zakupiony \u015brodek owadob\u00f3jczy. Pojawia si\u0119 pytanie czy osy s\u0105 szkodnikami?<\/p>\n<p>Na pocz\u0105tek warto zaznaczy\u0107, \u017ce jest wiele gatunk\u00f3w os. Jedne bardziej preferuj\u0105 s\u0142odkie jedzenie, drugie skupiaj\u0105 si\u0119 na ogrodowych szkodnikach.\u00a0 Od niedawna naukowcy dostrzegli, \u017ce s\u0105 one r\u00f3wnie po\u017cyteczne co pszczo\u0142y w \u015bwiatowej gospodarce.<\/p>\n<p>Osy \u017cywi\u0105 si\u0119 mszycami, m\u0105czlikami i g\u0105sienicami, zabijaj\u0105c szkodniki, kt\u00f3re niszcz\u0105 plony, a w rezultacie urodzajno\u015b\u0107 wzrasta. Z tego wzgl\u0119du przyczyniaj\u0105 si\u0119 do wzrostu produkcji \u017cywno\u015bciowej i nakr\u0119caj\u0105 gospodark\u0119.<\/p>\n<p>Dlatego warto zastanowi\u0107 si\u0119 czy faktycznie obecno\u015b\u0107 os w danym miejscu jest dla nas uci\u0105\u017cliwa, czy mo\u017ce warto mie\u0107 tych po\u017cytecznych s\u0105siad\u00f3w.<\/p>\n<div id='gallery-1' class='gallery galleryid-10102 gallery-columns-3 gallery-size-thumbnail'><figure class='gallery-item'>\n\t\t\t<div class='gallery-icon portrait'>\n\t\t\t\t<a href='https:\/\/ostrowskatv.pl\/?attachment_id=10106'><img loading=\"lazy\" decoding=\"async\" width=\"150\" height=\"150\" src=\"https:\/\/ostrowskatv.pl\/wp-content\/uploads\/2019\/08\/received_1014736125363391-01-150x150.jpeg\" class=\"attachment-thumbnail size-thumbnail\" alt=\"\" \/><\/a>\n\t\t\t<\/div><\/figure><figure class='gallery-item'>\n\t\t\t<div class='gallery-icon portrait'>\n\t\t\t\t<a href='https:\/\/ostrowskatv.pl\/?attachment_id=10107'><img loading=\"lazy\" decoding=\"async\" width=\"150\" height=\"150\" src=\"https:\/\/ostrowskatv.pl\/wp-content\/uploads\/2019\/08\/received_689193531505041-01-150x150.jpeg\" class=\"attachment-thumbnail size-thumbnail\" alt=\"\" \/><\/a>\n\t\t\t<\/div><\/figure><figure class='gallery-item'>\n\t\t\t<div class='gallery-icon portrait'>\n\t\t\t\t<a href='https:\/\/ostrowskatv.pl\/?attachment_id=10108'><img loading=\"lazy\" decoding=\"async\" width=\"150\" height=\"150\" src=\"https:\/\/ostrowskatv.pl\/wp-content\/uploads\/2019\/08\/IMG_20190812_111328-01-150x150.jpeg\" class=\"attachment-thumbnail size-thumbnail\" alt=\"\" \/><\/a>\n\t\t\t<\/div><\/figure>\n\t\t<\/div>\n\n<p>&nbsp;<\/p>\n","protected":false},"excerpt":{"rendered":"Osy tworz\u0105 gniazda blisko siedlisk ludzkich, co wywo\u0142uje niepok\u00f3j u cz\u0119\u015bci mieszka\u0144c\u00f3w. Ci w obawie o bezpiecze\u0144stwo w\u0142asne i bliskich, decyduj\u0105 si\u0119 na \n<a class=\"moretag\" href=\"https:\/\/ostrowskatv.pl\/?p=10102\"> [...]<\/a>","protected":false},"author":1,"featured_media":10106,"comment_status":"open","ping_status":"closed","sticky":false,"template":"","format":"standard","meta":{"footnotes":""},"categories":[1],"tags":[161],"class_list":["post-10102","post","type-post","status-publish","format-standard","has-post-thumbnail","hentry","category-news","tag-zwierzeta"],"_links":{"self":[{"href":"https:\/\/ostrowskatv.pl\/index.php?rest_route=\/wp\/v2\/posts\/10102","targetHints":{"allow":["GET"]}}],"collection":[{"href":"https:\/\/ostrowskatv.pl\/index.php?rest_route=\/wp\/v2\/posts"}],"about":[{"href":"https:\/\/ostrowskatv.pl\/index.php?rest_route=\/wp\/v2\/types\/post"}],"author":[{"embeddable":true,"href":"https:\/\/ostrowskatv.pl\/index.php?rest_route=\/wp\/v2\/users\/1"}],"replies":[{"embeddable":true,"href":"https:\/\/ostrowskatv.pl\/index.php?rest_route=%2Fwp%2Fv2%2Fcomments&post=10102"}],"version-history":[{"count":0,"href":"https:\/\/ostrowskatv.pl\/index.php?rest_route=\/wp\/v2\/posts\/10102\/revisions"}],"wp:featuredmedia":[{"embeddable":true,"href":"https:\/\/ostrowskatv.pl\/index.php?rest_route=\/wp\/v2\/media\/10106"}],"wp:attachment":[{"href":"https:\/\/ostrowskatv.pl\/index.php?rest_route=%2Fwp%2Fv2%2Fmedia&parent=10102"}],"wp:term":[{"taxonomy":"category","embeddable":true,"href":"https:\/\/ostrowskatv.pl\/index.php?rest_route=%2Fwp%2Fv2%2Fcategories&post=10102"},{"taxonomy":"post_tag","embeddable":true,"href":"https:\/\/ostrowskatv.pl\/index.php?rest_route=%2Fwp%2Fv2%2Ftags&post=10102"}],"curies":[{"name":"wp","href":"https:\/\/api.w.org\/{rel}","templated":true}]}}