{"id":10097,"date":"2019-08-14T04:29:30","date_gmt":"2019-08-14T03:29:30","guid":{"rendered":"http:\/\/ostrowska.tv\/?p=10097"},"modified":"2019-08-14T04:29:30","modified_gmt":"2019-08-14T03:29:30","slug":"zgloszenie-pozaru-na-ul-wolnosci","status":"publish","type":"post","link":"https:\/\/ostrowskatv.pl\/?p=10097","title":{"rendered":"Zg\u0142oszenie po\u017caru na ul. Wolno\u015bci"},"content":{"rendered":"<p><strong>O godzinie 5.00 mieszkaniec kamienicy przy ul. Wolno\u015bci 4 w Ostrowie Wielkopolskim zadzwoni\u0142 na numer alarmowy zg\u0142aszaj\u0105c, \u017ce widzi p\u0142omienie w mieszkaniu s\u0105siada. W \u015brodku znajdowali si\u0119 ludzie.<\/strong><\/p>\n<p>Na miejsce zadysponowano 2 wozy ga\u015bnicze i podno\u015bnik stra\u017cy po\u017carnej oraz policj\u0119. Na miejscu nie by\u0142o wida\u0107 oznak po\u017caru.<\/p>\n<p>Po obudzeniu s\u0105siad\u00f3w okaza\u0142o si\u0119, \u017ce na parapecie znajdowa\u0142a si\u0119 \u015bwieczka zapachowa. To jej blask mieni\u0105c si\u0119 w oknie zmyli\u0142 czujnego s\u0105siada. Zg\u0142oszenie przyj\u0119to jako alarm fa\u0142szywy w dobrej wierze i m\u0119\u017cczy\u017anie zg\u0142aszaj\u0105cemu nic nie grozi.<\/p>\n<div id='gallery-1' class='gallery galleryid-10097 gallery-columns-3 gallery-size-thumbnail'><figure class='gallery-item'>\n\t\t\t<div class='gallery-icon landscape'>\n\t\t\t\t<a href='https:\/\/ostrowskatv.pl\/?attachment_id=10098'><img loading=\"lazy\" decoding=\"async\" width=\"150\" height=\"150\" src=\"https:\/\/ostrowskatv.pl\/wp-content\/uploads\/2019\/08\/IMG_20190814_051310-01-150x150.jpeg\" class=\"attachment-thumbnail size-thumbnail\" alt=\"\" \/><\/a>\n\t\t\t<\/div><\/figure><figure class='gallery-item'>\n\t\t\t<div class='gallery-icon landscape'>\n\t\t\t\t<a href='https:\/\/ostrowskatv.pl\/?attachment_id=10099'><img loading=\"lazy\" decoding=\"async\" width=\"150\" height=\"150\" src=\"https:\/\/ostrowskatv.pl\/wp-content\/uploads\/2019\/08\/IMG_20190814_051329-01-150x150.jpeg\" class=\"attachment-thumbnail size-thumbnail\" alt=\"\" \/><\/a>\n\t\t\t<\/div><\/figure><figure class='gallery-item'>\n\t\t\t<div class='gallery-icon portrait'>\n\t\t\t\t<a href='https:\/\/ostrowskatv.pl\/?attachment_id=10100'><img loading=\"lazy\" decoding=\"async\" width=\"150\" height=\"150\" src=\"https:\/\/ostrowskatv.pl\/wp-content\/uploads\/2019\/08\/IMG_20190814_051229-01-150x150.jpeg\" class=\"attachment-thumbnail size-thumbnail\" alt=\"\" \/><\/a>\n\t\t\t<\/div><\/figure>\n\t\t<\/div>\n\n","protected":false},"excerpt":{"rendered":"O godzinie 5.00 mieszkaniec kamienicy przy ul. Wolno\u015bci 4 w Ostrowie Wielkopolskim zadzwoni\u0142 na numer alarmowy zg\u0142aszaj\u0105c, \u017ce widzi p\u0142omienie w mieszkaniu s\u0105siada. \n<a class=\"moretag\" href=\"https:\/\/ostrowskatv.pl\/?p=10097\"> [...]<\/a>","protected":false},"author":1,"featured_media":10098,"comment_status":"open","ping_status":"closed","sticky":false,"template":"","format":"standard","meta":{"footnotes":""},"categories":[1],"tags":[2,184],"class_list":["post-10097","post","type-post","status-publish","format-standard","has-post-thumbnail","hentry","category-news","tag-ostrow-wielkopolski","tag-wolnosci"],"_links":{"self":[{"href":"https:\/\/ostrowskatv.pl\/index.php?rest_route=\/wp\/v2\/posts\/10097","targetHints":{"allow":["GET"]}}],"collection":[{"href":"https:\/\/ostrowskatv.pl\/index.php?rest_route=\/wp\/v2\/posts"}],"about":[{"href":"https:\/\/ostrowskatv.pl\/index.php?rest_route=\/wp\/v2\/types\/post"}],"author":[{"embeddable":true,"href":"https:\/\/ostrowskatv.pl\/index.php?rest_route=\/wp\/v2\/users\/1"}],"replies":[{"embeddable":true,"href":"https:\/\/ostrowskatv.pl\/index.php?rest_route=%2Fwp%2Fv2%2Fcomments&post=10097"}],"version-history":[{"count":0,"href":"https:\/\/ostrowskatv.pl\/index.php?rest_route=\/wp\/v2\/posts\/10097\/revisions"}],"wp:featuredmedia":[{"embeddable":true,"href":"https:\/\/ostrowskatv.pl\/index.php?rest_route=\/wp\/v2\/media\/10098"}],"wp:attachment":[{"href":"https:\/\/ostrowskatv.pl\/index.php?rest_route=%2Fwp%2Fv2%2Fmedia&parent=10097"}],"wp:term":[{"taxonomy":"category","embeddable":true,"href":"https:\/\/ostrowskatv.pl\/index.php?rest_route=%2Fwp%2Fv2%2Fcategories&post=10097"},{"taxonomy":"post_tag","embeddable":true,"href":"https:\/\/ostrowskatv.pl\/index.php?rest_route=%2Fwp%2Fv2%2Ftags&post=10097"}],"curies":[{"name":"wp","href":"https:\/\/api.w.org\/{rel}","templated":true}]}}