{"id":10076,"date":"2019-08-06T19:35:09","date_gmt":"2019-08-06T18:35:09","guid":{"rendered":"http:\/\/ostrowska.tv\/?p=10076"},"modified":"2019-08-06T21:00:44","modified_gmt":"2019-08-06T20:00:44","slug":"wypadek-motocyklisty-na-limanowskiego","status":"publish","type":"post","link":"https:\/\/ostrowskatv.pl\/?p=10076","title":{"rendered":"Wypadek motocyklisty na Limanowskiego"},"content":{"rendered":"<p><strong>Po godzinie 20.00 dosz\u0142o do powa\u017cnego wypadku motocykla z samochodem osobowym. Do zdarzenia dosz\u0142o na skrzy\u017cowaniu ulic Limanowskiego i Daleka w Ostrowie Wielkopolskim.<\/strong><br \/>\nZe wst\u0119pnych ustale\u0144 wynika, \u017ce motocyklista wyprzedza\u0142 BMW jad\u0105c w stron\u0119 Piask\u00f3w. Z przeciwka kierowca Skody skr\u0119ca\u0142 w lewo w ulic\u0119 Dalek\u0105. Wtedy motocyklista uderzy\u0142 w bok osob\u00f3wki i przekozio\u0142kowa\u0142 20 metr\u00f3w.<\/p>\n<p>Motocyklista pozostawa\u0142 przytomny. Jeden ze \u015bwiadk\u00f3w prawid\u0142owo zdj\u0105\u0142 kask i ustabiliziwa\u0142 g\u0142ow\u0119 i tym samym kr\u0119gos\u0142up. Inny z gapi\u00f3w sugerowa\u0142 prsekrecenie g\u0142owy w bok, co mog\u0142o zaszkodzi\u0107 kr\u0119gos\u0142upowi szyjnemu.<\/p>\n<div id='gallery-1' class='gallery galleryid-10076 gallery-columns-3 gallery-size-thumbnail'><figure class='gallery-item'>\n\t\t\t<div class='gallery-icon landscape'>\n\t\t\t\t<a href='https:\/\/ostrowskatv.pl\/?attachment_id=10077'><img loading=\"lazy\" decoding=\"async\" width=\"150\" height=\"150\" src=\"https:\/\/ostrowskatv.pl\/wp-content\/uploads\/2019\/08\/IMG_20190806_202257-01-150x150.jpeg\" class=\"attachment-thumbnail size-thumbnail\" alt=\"\" \/><\/a>\n\t\t\t<\/div><\/figure><figure class='gallery-item'>\n\t\t\t<div class='gallery-icon portrait'>\n\t\t\t\t<a href='https:\/\/ostrowskatv.pl\/?attachment_id=10078'><img loading=\"lazy\" decoding=\"async\" width=\"150\" height=\"150\" src=\"https:\/\/ostrowskatv.pl\/wp-content\/uploads\/2019\/08\/IMG_20190806_202220-01-150x150.jpeg\" class=\"attachment-thumbnail size-thumbnail\" alt=\"\" \/><\/a>\n\t\t\t<\/div><\/figure><figure class='gallery-item'>\n\t\t\t<div class='gallery-icon landscape'>\n\t\t\t\t<a href='https:\/\/ostrowskatv.pl\/?attachment_id=10079'><img loading=\"lazy\" decoding=\"async\" width=\"150\" height=\"150\" src=\"https:\/\/ostrowskatv.pl\/wp-content\/uploads\/2019\/08\/IMG_20190806_202357-01-150x150.jpeg\" class=\"attachment-thumbnail size-thumbnail\" alt=\"\" \/><\/a>\n\t\t\t<\/div><\/figure><figure class='gallery-item'>\n\t\t\t<div class='gallery-icon landscape'>\n\t\t\t\t<a href='https:\/\/ostrowskatv.pl\/?attachment_id=10081'><img loading=\"lazy\" decoding=\"async\" width=\"150\" height=\"150\" src=\"https:\/\/ostrowskatv.pl\/wp-content\/uploads\/2019\/08\/IMG_20190806_205651-01-150x150.jpeg\" class=\"attachment-thumbnail size-thumbnail\" alt=\"\" \/><\/a>\n\t\t\t<\/div><\/figure>\n\t\t<\/div>\n\n","protected":false},"excerpt":{"rendered":"Po godzinie 20.00 dosz\u0142o do powa\u017cnego wypadku motocykla z samochodem osobowym. Do zdarzenia dosz\u0142o na skrzy\u017cowaniu ulic Limanowskiego i Daleka w Ostrowie Wielkopolskim. \n<a class=\"moretag\" href=\"https:\/\/ostrowskatv.pl\/?p=10076\"> [...]<\/a>","protected":false},"author":1,"featured_media":10077,"comment_status":"open","ping_status":"closed","sticky":false,"template":"","format":"standard","meta":{"footnotes":""},"categories":[1],"tags":[2],"class_list":["post-10076","post","type-post","status-publish","format-standard","has-post-thumbnail","hentry","category-news","tag-ostrow-wielkopolski"],"_links":{"self":[{"href":"https:\/\/ostrowskatv.pl\/index.php?rest_route=\/wp\/v2\/posts\/10076","targetHints":{"allow":["GET"]}}],"collection":[{"href":"https:\/\/ostrowskatv.pl\/index.php?rest_route=\/wp\/v2\/posts"}],"about":[{"href":"https:\/\/ostrowskatv.pl\/index.php?rest_route=\/wp\/v2\/types\/post"}],"author":[{"embeddable":true,"href":"https:\/\/ostrowskatv.pl\/index.php?rest_route=\/wp\/v2\/users\/1"}],"replies":[{"embeddable":true,"href":"https:\/\/ostrowskatv.pl\/index.php?rest_route=%2Fwp%2Fv2%2Fcomments&post=10076"}],"version-history":[{"count":0,"href":"https:\/\/ostrowskatv.pl\/index.php?rest_route=\/wp\/v2\/posts\/10076\/revisions"}],"wp:featuredmedia":[{"embeddable":true,"href":"https:\/\/ostrowskatv.pl\/index.php?rest_route=\/wp\/v2\/media\/10077"}],"wp:attachment":[{"href":"https:\/\/ostrowskatv.pl\/index.php?rest_route=%2Fwp%2Fv2%2Fmedia&parent=10076"}],"wp:term":[{"taxonomy":"category","embeddable":true,"href":"https:\/\/ostrowskatv.pl\/index.php?rest_route=%2Fwp%2Fv2%2Fcategories&post=10076"},{"taxonomy":"post_tag","embeddable":true,"href":"https:\/\/ostrowskatv.pl\/index.php?rest_route=%2Fwp%2Fv2%2Ftags&post=10076"}],"curies":[{"name":"wp","href":"https:\/\/api.w.org\/{rel}","templated":true}]}}