{"id":10041,"date":"2019-08-03T09:22:04","date_gmt":"2019-08-03T08:22:04","guid":{"rendered":"http:\/\/ostrowska.tv\/?p=10041"},"modified":"2019-08-03T09:22:04","modified_gmt":"2019-08-03T08:22:04","slug":"tlum-na-pogrzebie-lecha-topolana","status":"publish","type":"post","link":"https:\/\/ostrowskatv.pl\/?p=10041","title":{"rendered":"T\u0142um na pogrzebie Lecha Topolana"},"content":{"rendered":"<p><strong>W sobot\u0119 o godz. 10.00 pochowano Lecha Topolana, by\u0142ego wiceprzewodnicz\u0105cego Rady Miejskiej Ostrowa Wlkp., by\u0142ego prezesa klubu pi\u0142karskiego Centra. Cia\u0142o zmar\u0142ego zosta\u0142o skremowane, a prochy\u00a0 trafi\u0142y do czarnej urny. Uroczysto\u015b\u0107 pogrzebowa odby\u0142a si\u0119 w ko\u015bciele Naj\u015bwi\u0119tszego Zbawiciela przy ul. Bema.<\/strong><\/p>\n<p>Podczas ceremonii pogrzebowej obecne by\u0142y sztandary, ch\u00f3r, orkiestra oraz przedstawiciele r\u00f3\u017cnych organizacji, instytucji i w\u0142adz miasta oraz powiatu.<\/p>\n<div id='gallery-1' class='gallery galleryid-10041 gallery-columns-3 gallery-size-thumbnail'><figure class='gallery-item'>\n\t\t\t<div class='gallery-icon landscape'>\n\t\t\t\t<a href='https:\/\/ostrowskatv.pl\/?attachment_id=10042'><img loading=\"lazy\" decoding=\"async\" width=\"150\" height=\"150\" src=\"https:\/\/ostrowskatv.pl\/wp-content\/uploads\/2019\/08\/IMG_20190803_100101-01-150x150.jpeg\" class=\"attachment-thumbnail size-thumbnail\" alt=\"\" \/><\/a>\n\t\t\t<\/div><\/figure><figure class='gallery-item'>\n\t\t\t<div class='gallery-icon landscape'>\n\t\t\t\t<a href='https:\/\/ostrowskatv.pl\/?attachment_id=10043'><img loading=\"lazy\" decoding=\"async\" width=\"150\" height=\"150\" src=\"https:\/\/ostrowskatv.pl\/wp-content\/uploads\/2019\/08\/IMG_20190803_100107-01-150x150.jpeg\" class=\"attachment-thumbnail size-thumbnail\" alt=\"\" \/><\/a>\n\t\t\t<\/div><\/figure><figure class='gallery-item'>\n\t\t\t<div class='gallery-icon landscape'>\n\t\t\t\t<a href='https:\/\/ostrowskatv.pl\/?attachment_id=10044'><img loading=\"lazy\" decoding=\"async\" width=\"150\" height=\"150\" src=\"https:\/\/ostrowskatv.pl\/wp-content\/uploads\/2019\/08\/IMG_20190803_100121-01-150x150.jpeg\" class=\"attachment-thumbnail size-thumbnail\" alt=\"\" \/><\/a>\n\t\t\t<\/div><\/figure>\n\t\t<\/div>\n\n","protected":false},"excerpt":{"rendered":"W sobot\u0119 o godz. 10.00 pochowano Lecha Topolana, by\u0142ego wiceprzewodnicz\u0105cego Rady Miejskiej Ostrowa Wlkp., by\u0142ego prezesa klubu pi\u0142karskiego Centra. Cia\u0142o zmar\u0142ego zosta\u0142o skremowane, \n<a class=\"moretag\" href=\"https:\/\/ostrowskatv.pl\/?p=10041\"> [...]<\/a>","protected":false},"author":1,"featured_media":10042,"comment_status":"open","ping_status":"closed","sticky":false,"template":"","format":"standard","meta":{"footnotes":""},"categories":[1],"tags":[2],"class_list":["post-10041","post","type-post","status-publish","format-standard","has-post-thumbnail","hentry","category-news","tag-ostrow-wielkopolski"],"_links":{"self":[{"href":"https:\/\/ostrowskatv.pl\/index.php?rest_route=\/wp\/v2\/posts\/10041","targetHints":{"allow":["GET"]}}],"collection":[{"href":"https:\/\/ostrowskatv.pl\/index.php?rest_route=\/wp\/v2\/posts"}],"about":[{"href":"https:\/\/ostrowskatv.pl\/index.php?rest_route=\/wp\/v2\/types\/post"}],"author":[{"embeddable":true,"href":"https:\/\/ostrowskatv.pl\/index.php?rest_route=\/wp\/v2\/users\/1"}],"replies":[{"embeddable":true,"href":"https:\/\/ostrowskatv.pl\/index.php?rest_route=%2Fwp%2Fv2%2Fcomments&post=10041"}],"version-history":[{"count":0,"href":"https:\/\/ostrowskatv.pl\/index.php?rest_route=\/wp\/v2\/posts\/10041\/revisions"}],"wp:featuredmedia":[{"embeddable":true,"href":"https:\/\/ostrowskatv.pl\/index.php?rest_route=\/wp\/v2\/media\/10042"}],"wp:attachment":[{"href":"https:\/\/ostrowskatv.pl\/index.php?rest_route=%2Fwp%2Fv2%2Fmedia&parent=10041"}],"wp:term":[{"taxonomy":"category","embeddable":true,"href":"https:\/\/ostrowskatv.pl\/index.php?rest_route=%2Fwp%2Fv2%2Fcategories&post=10041"},{"taxonomy":"post_tag","embeddable":true,"href":"https:\/\/ostrowskatv.pl\/index.php?rest_route=%2Fwp%2Fv2%2Ftags&post=10041"}],"curies":[{"name":"wp","href":"https:\/\/api.w.org\/{rel}","templated":true}]}}