{"id":10022,"date":"2019-07-29T21:15:50","date_gmt":"2019-07-29T20:15:50","guid":{"rendered":"http:\/\/ostrowska.tv\/?p=10022"},"modified":"2019-07-29T21:15:50","modified_gmt":"2019-07-29T20:15:50","slug":"strazacy-prawie-zgineli-w-trakcie-nawalnicy","status":"publish","type":"post","link":"https:\/\/ostrowskatv.pl\/?p=10022","title":{"rendered":"Stra\u017cacy prawie zgin\u0119li w trakcie nawa\u0142nicy"},"content":{"rendered":"<p><strong>Nawa\u0142nica, kt\u00f3ra przesz\u0142a przez cz\u0119\u015b\u0107 powiatu ostrowskiego, by\u0142a miejscami bardzo niebezpieczna. Zerwa\u0142a dachy oraz poprzewraca\u0142a drzewa. Jedno z nich run\u0119\u0142o kilkadziesi\u0105t metr\u00f3w przed nadje\u017cd\u017caj\u0105cym wozem stra\u017cackim.<\/strong><\/p>\n<p>Ulewa dotkn\u0119\u0142a tylko po\u0142udniow\u0105 cz\u0119\u015b\u0107 Ostrowa Wielkopolskiego. Tradycyjnie zosta\u0142 zalany &#8222;wiadukt Urbaniaka&#8221; w ci\u0105gu ulicy Brzozowej. Oczywi\u015bcie nie zabrak\u0142o kierowc\u00f3w, kt\u00f3rzy postanowili sprawdzi\u0107 czy ich samochody posiadaj\u0105 opcj\u0119 przemiany w amfibi\u0119. W wodzie znaleziono 5 tablic rejestracyjnych, a Mercedes w wyniku dostania si\u0119 wody do komory silnika, nie by\u0142 w stanie kontynuowa\u0107 jazdy. Innym kierowcom woda &#8222;tylko&#8221; wla\u0142a si\u0119 do auta.<\/p>\n<p>Najwi\u0119ksze zniszczenia by\u0142y pomi\u0119dzy wsiami Strzy\u017cew i Sieroszewice. W Strzy\u017cewie porywisty wiatr zerwa\u0142 dach z budynku gospodarczego. Olbrzymie po\u0142acie blachy run\u0119\u0142y na s\u0105siedni\u0105 posesj\u0119, trafiaj\u0105c w przydomowy kurnik. Na szcz\u0119\u015bcie nikt nie ucierpia\u0142. Dwa zast\u0119py stra\u017cy po\u017carnej z Ostrowa Wlkp. jad\u0105c do tego zdarzenia, mia\u0142y olbrzymie szcz\u0119\u015bcie. Na wje\u017adzie do Strzy\u017cewa, run\u0119\u0142o sporej wielko\u015bci drzewo kilkadziesi\u0105t metr\u00f3w przed wozem stra\u017cy po\u017carnej. Bior\u0105c pod uwag\u0119 jak te metry szybko mijaj\u0105 przy pr\u0119dko\u015bciach aut, mo\u017cna m\u00f3wi\u0107 o dw\u00f3ch sekundach grozy.<\/p>\n<p>Stra\u017cacy po chwili zacz\u0119li usuwa\u0107 drzewo z jezdni. Zaj\u0119\u0142o im to ponad godzin\u0119. W tym czasie zast\u0119py OSP pomaga\u0142y zak\u0142ada\u0107 plandek\u0119 na budynku gospodarczym.<\/p>\n<p>Szereg drzew zosta\u0142o z\u0142amanych w Sieroszewicach. Odnotowano tak\u017ce uszkodzone dachy.<\/p>\n<p>Podczas ulewy kierowca Peugeota z powiatu krotoszy\u0144skiego, jad\u0105c drog\u0105 Odolan\u00f3w-Ostr\u00f3w, wpad\u0142 w po\u015blizg i uderzy\u0142 w drzewo. Na szcz\u0119\u015bcie odni\u00f3s\u0142 tylko uraz r\u0119ki.<\/p>\n<div id='gallery-1' class='gallery galleryid-10022 gallery-columns-3 gallery-size-thumbnail'><figure class='gallery-item'>\n\t\t\t<div class='gallery-icon landscape'>\n\t\t\t\t<a href='https:\/\/ostrowskatv.pl\/?attachment_id=10023'><img loading=\"lazy\" decoding=\"async\" width=\"150\" height=\"150\" src=\"https:\/\/ostrowskatv.pl\/wp-content\/uploads\/2019\/07\/ulewa_lipiec_2019_11-150x150.jpg\" class=\"attachment-thumbnail size-thumbnail\" alt=\"\" \/><\/a>\n\t\t\t<\/div><\/figure><figure class='gallery-item'>\n\t\t\t<div class='gallery-icon landscape'>\n\t\t\t\t<a href='https:\/\/ostrowskatv.pl\/?attachment_id=10024'><img loading=\"lazy\" decoding=\"async\" width=\"150\" height=\"150\" src=\"https:\/\/ostrowskatv.pl\/wp-content\/uploads\/2019\/07\/ulewa_lipiec_2019_10-150x150.jpg\" class=\"attachment-thumbnail size-thumbnail\" alt=\"\" \/><\/a>\n\t\t\t<\/div><\/figure><figure class='gallery-item'>\n\t\t\t<div class='gallery-icon landscape'>\n\t\t\t\t<a href='https:\/\/ostrowskatv.pl\/?attachment_id=10025'><img loading=\"lazy\" decoding=\"async\" width=\"150\" height=\"150\" src=\"https:\/\/ostrowskatv.pl\/wp-content\/uploads\/2019\/07\/ulewa_lipiec_2019_09-150x150.jpg\" class=\"attachment-thumbnail size-thumbnail\" alt=\"\" \/><\/a>\n\t\t\t<\/div><\/figure><figure class='gallery-item'>\n\t\t\t<div class='gallery-icon landscape'>\n\t\t\t\t<a href='https:\/\/ostrowskatv.pl\/?attachment_id=10026'><img loading=\"lazy\" decoding=\"async\" width=\"150\" height=\"150\" src=\"https:\/\/ostrowskatv.pl\/wp-content\/uploads\/2019\/07\/ulewa_lipiec_2019_08-150x150.jpg\" class=\"attachment-thumbnail size-thumbnail\" alt=\"\" \/><\/a>\n\t\t\t<\/div><\/figure><figure class='gallery-item'>\n\t\t\t<div class='gallery-icon landscape'>\n\t\t\t\t<a href='https:\/\/ostrowskatv.pl\/?attachment_id=10027'><img loading=\"lazy\" decoding=\"async\" width=\"150\" height=\"150\" src=\"https:\/\/ostrowskatv.pl\/wp-content\/uploads\/2019\/07\/ulewa_lipiec_2019_07-150x150.jpg\" class=\"attachment-thumbnail size-thumbnail\" alt=\"\" \/><\/a>\n\t\t\t<\/div><\/figure><figure class='gallery-item'>\n\t\t\t<div class='gallery-icon landscape'>\n\t\t\t\t<a href='https:\/\/ostrowskatv.pl\/?attachment_id=10028'><img loading=\"lazy\" decoding=\"async\" width=\"150\" height=\"150\" src=\"https:\/\/ostrowskatv.pl\/wp-content\/uploads\/2019\/07\/ulewa_lipiec_2019_06-150x150.jpg\" class=\"attachment-thumbnail size-thumbnail\" alt=\"\" \/><\/a>\n\t\t\t<\/div><\/figure><figure class='gallery-item'>\n\t\t\t<div class='gallery-icon landscape'>\n\t\t\t\t<a href='https:\/\/ostrowskatv.pl\/?attachment_id=10029'><img loading=\"lazy\" decoding=\"async\" width=\"150\" height=\"150\" src=\"https:\/\/ostrowskatv.pl\/wp-content\/uploads\/2019\/07\/ulewa_lipiec_2019_05-150x150.jpg\" class=\"attachment-thumbnail size-thumbnail\" alt=\"\" \/><\/a>\n\t\t\t<\/div><\/figure><figure class='gallery-item'>\n\t\t\t<div class='gallery-icon landscape'>\n\t\t\t\t<a href='https:\/\/ostrowskatv.pl\/?attachment_id=10030'><img loading=\"lazy\" decoding=\"async\" width=\"150\" height=\"150\" src=\"https:\/\/ostrowskatv.pl\/wp-content\/uploads\/2019\/07\/ulewa_lipiec_2019_04-150x150.jpg\" class=\"attachment-thumbnail size-thumbnail\" alt=\"\" \/><\/a>\n\t\t\t<\/div><\/figure><figure class='gallery-item'>\n\t\t\t<div class='gallery-icon landscape'>\n\t\t\t\t<a href='https:\/\/ostrowskatv.pl\/?attachment_id=10031'><img loading=\"lazy\" decoding=\"async\" width=\"150\" height=\"150\" src=\"https:\/\/ostrowskatv.pl\/wp-content\/uploads\/2019\/07\/ulewa_lipiec_2019_03-150x150.jpg\" class=\"attachment-thumbnail size-thumbnail\" alt=\"\" \/><\/a>\n\t\t\t<\/div><\/figure><figure class='gallery-item'>\n\t\t\t<div class='gallery-icon landscape'>\n\t\t\t\t<a href='https:\/\/ostrowskatv.pl\/?attachment_id=10032'><img loading=\"lazy\" decoding=\"async\" width=\"150\" height=\"150\" src=\"https:\/\/ostrowskatv.pl\/wp-content\/uploads\/2019\/07\/ulewa_lipiec_2019_02-150x150.jpg\" class=\"attachment-thumbnail size-thumbnail\" alt=\"\" \/><\/a>\n\t\t\t<\/div><\/figure><figure class='gallery-item'>\n\t\t\t<div class='gallery-icon landscape'>\n\t\t\t\t<a href='https:\/\/ostrowskatv.pl\/?attachment_id=10033'><img loading=\"lazy\" decoding=\"async\" width=\"150\" height=\"150\" src=\"https:\/\/ostrowskatv.pl\/wp-content\/uploads\/2019\/07\/ulewa_lipiec_2019_01-150x150.jpg\" class=\"attachment-thumbnail size-thumbnail\" alt=\"\" \/><\/a>\n\t\t\t<\/div><\/figure>\n\t\t<\/div>\n\n","protected":false},"excerpt":{"rendered":"Nawa\u0142nica, kt\u00f3ra przesz\u0142a przez cz\u0119\u015b\u0107 powiatu ostrowskiego, by\u0142a miejscami bardzo niebezpieczna. Zerwa\u0142a dachy oraz poprzewraca\u0142a drzewa. Jedno z nich run\u0119\u0142o kilkadziesi\u0105t metr\u00f3w przed \n<a class=\"moretag\" href=\"https:\/\/ostrowskatv.pl\/?p=10022\"> [...]<\/a>","protected":false},"author":1,"featured_media":10024,"comment_status":"open","ping_status":"closed","sticky":false,"template":"","format":"standard","meta":{"footnotes":""},"categories":[1],"tags":[2],"class_list":["post-10022","post","type-post","status-publish","format-standard","has-post-thumbnail","hentry","category-news","tag-ostrow-wielkopolski"],"_links":{"self":[{"href":"https:\/\/ostrowskatv.pl\/index.php?rest_route=\/wp\/v2\/posts\/10022","targetHints":{"allow":["GET"]}}],"collection":[{"href":"https:\/\/ostrowskatv.pl\/index.php?rest_route=\/wp\/v2\/posts"}],"about":[{"href":"https:\/\/ostrowskatv.pl\/index.php?rest_route=\/wp\/v2\/types\/post"}],"author":[{"embeddable":true,"href":"https:\/\/ostrowskatv.pl\/index.php?rest_route=\/wp\/v2\/users\/1"}],"replies":[{"embeddable":true,"href":"https:\/\/ostrowskatv.pl\/index.php?rest_route=%2Fwp%2Fv2%2Fcomments&post=10022"}],"version-history":[{"count":0,"href":"https:\/\/ostrowskatv.pl\/index.php?rest_route=\/wp\/v2\/posts\/10022\/revisions"}],"wp:featuredmedia":[{"embeddable":true,"href":"https:\/\/ostrowskatv.pl\/index.php?rest_route=\/wp\/v2\/media\/10024"}],"wp:attachment":[{"href":"https:\/\/ostrowskatv.pl\/index.php?rest_route=%2Fwp%2Fv2%2Fmedia&parent=10022"}],"wp:term":[{"taxonomy":"category","embeddable":true,"href":"https:\/\/ostrowskatv.pl\/index.php?rest_route=%2Fwp%2Fv2%2Fcategories&post=10022"},{"taxonomy":"post_tag","embeddable":true,"href":"https:\/\/ostrowskatv.pl\/index.php?rest_route=%2Fwp%2Fv2%2Ftags&post=10022"}],"curies":[{"name":"wp","href":"https:\/\/api.w.org\/{rel}","templated":true}]}}