{"id":10009,"date":"2019-07-28T19:00:43","date_gmt":"2019-07-28T18:00:43","guid":{"rendered":"http:\/\/ostrowska.tv\/?p=10009"},"modified":"2019-07-28T20:27:19","modified_gmt":"2019-07-28T19:27:19","slug":"mlode-osoby-wypadly-z-kabrioletu","status":"publish","type":"post","link":"https:\/\/ostrowskatv.pl\/?p=10009","title":{"rendered":"M\u0142ode osoby wypad\u0142y z kabrioletu"},"content":{"rendered":"<p><strong>Do powa\u017cnego wypadku dosz\u0142o w niedziel\u0119 oko\u0142o 17.00 pomi\u0119dzy miejscowo\u015bciami Trzebowa oraz Ko\u017aminiec. Trzy m\u0142ode osoby jad\u0105ce Renault Megane typu kabriolet zosta\u0142y poszkodowane.<\/strong><\/p>\n<p>S\u0142u\u017cby ratownicze otrzyma\u0142y informacj\u0119 \u017ce samoch\u00f3d osobowy dachowa\u0142, w wyniku czego dwie osoby wypad\u0142y, a trzecia mia\u0142a znajdowa\u0107 si\u0119 w \u015brodku pojazdu.<\/p>\n<p>Na miejsce zadysponowano stra\u017c po\u017carn\u0105 z Pleszewa Ostrowa Wielkopolskiego oraz Raszkowa. Stra\u017cacy wsp\u00f3lnie z ratownikami medycznymi, a tak\u017ce za\u0142og\u0105 \u015bmig\u0142owca LPR, udziela\u0142y pierwszej pomocy medycznej.<\/p>\n<p>Po przygotowaniu do transportu, poszkodowani trafili do r\u00f3\u017cnych szpitali.<\/p>\n<p>Osoby jad\u0105ce osob\u00f3wk\u0105 mia\u0142y oko\u0142o 20 lat.<\/p>\n<div id='gallery-1' class='gallery galleryid-10009 gallery-columns-3 gallery-size-thumbnail'><figure class='gallery-item'>\n\t\t\t<div class='gallery-icon portrait'>\n\t\t\t\t<a href='https:\/\/ostrowskatv.pl\/?attachment_id=10010'><img loading=\"lazy\" decoding=\"async\" width=\"150\" height=\"150\" src=\"https:\/\/ostrowskatv.pl\/wp-content\/uploads\/2019\/07\/IMG_20190728_193543-01-150x150.jpeg\" class=\"attachment-thumbnail size-thumbnail\" alt=\"\" \/><\/a>\n\t\t\t<\/div><\/figure><figure class='gallery-item'>\n\t\t\t<div class='gallery-icon landscape'>\n\t\t\t\t<a href='https:\/\/ostrowskatv.pl\/?attachment_id=10011'><img loading=\"lazy\" decoding=\"async\" width=\"150\" height=\"150\" src=\"https:\/\/ostrowskatv.pl\/wp-content\/uploads\/2019\/07\/IMG_20190728_193715-01-150x150.jpeg\" class=\"attachment-thumbnail size-thumbnail\" alt=\"\" \/><\/a>\n\t\t\t<\/div><\/figure><figure class='gallery-item'>\n\t\t\t<div class='gallery-icon landscape'>\n\t\t\t\t<a href='https:\/\/ostrowskatv.pl\/?attachment_id=10015'><img loading=\"lazy\" decoding=\"async\" width=\"150\" height=\"150\" src=\"https:\/\/ostrowskatv.pl\/wp-content\/uploads\/2019\/07\/kozminiec_1-150x150.jpg\" class=\"attachment-thumbnail size-thumbnail\" alt=\"\" \/><\/a>\n\t\t\t<\/div><\/figure><figure class='gallery-item'>\n\t\t\t<div class='gallery-icon landscape'>\n\t\t\t\t<a href='https:\/\/ostrowskatv.pl\/?attachment_id=10016'><img loading=\"lazy\" decoding=\"async\" width=\"150\" height=\"150\" src=\"https:\/\/ostrowskatv.pl\/wp-content\/uploads\/2019\/07\/kozminiec_2-150x150.jpg\" class=\"attachment-thumbnail size-thumbnail\" alt=\"\" \/><\/a>\n\t\t\t<\/div><\/figure><figure class='gallery-item'>\n\t\t\t<div class='gallery-icon landscape'>\n\t\t\t\t<a href='https:\/\/ostrowskatv.pl\/?attachment_id=10018'><img loading=\"lazy\" decoding=\"async\" width=\"150\" height=\"150\" src=\"https:\/\/ostrowskatv.pl\/wp-content\/uploads\/2019\/07\/kozminiec_4-150x150.jpg\" class=\"attachment-thumbnail size-thumbnail\" alt=\"\" \/><\/a>\n\t\t\t<\/div><\/figure><figure class='gallery-item'>\n\t\t\t<div class='gallery-icon landscape'>\n\t\t\t\t<a href='https:\/\/ostrowskatv.pl\/?attachment_id=10020'><img loading=\"lazy\" decoding=\"async\" width=\"150\" height=\"150\" src=\"https:\/\/ostrowskatv.pl\/wp-content\/uploads\/2019\/07\/kozminiec_3-150x150.jpg\" class=\"attachment-thumbnail size-thumbnail\" alt=\"\" \/><\/a>\n\t\t\t<\/div><\/figure>\n\t\t<\/div>\n\n","protected":false},"excerpt":{"rendered":"Do powa\u017cnego wypadku dosz\u0142o w niedziel\u0119 oko\u0142o 17.00 pomi\u0119dzy miejscowo\u015bciami Trzebowa oraz Ko\u017aminiec. Trzy m\u0142ode osoby jad\u0105ce Renault Megane typu kabriolet zosta\u0142y poszkodowane. \n<a class=\"moretag\" href=\"https:\/\/ostrowskatv.pl\/?p=10009\"> [...]<\/a>","protected":false},"author":1,"featured_media":10011,"comment_status":"open","ping_status":"closed","sticky":false,"template":"","format":"standard","meta":{"footnotes":""},"categories":[1],"tags":[11],"class_list":["post-10009","post","type-post","status-publish","format-standard","has-post-thumbnail","hentry","category-news","tag-wypadek"],"_links":{"self":[{"href":"https:\/\/ostrowskatv.pl\/index.php?rest_route=\/wp\/v2\/posts\/10009","targetHints":{"allow":["GET"]}}],"collection":[{"href":"https:\/\/ostrowskatv.pl\/index.php?rest_route=\/wp\/v2\/posts"}],"about":[{"href":"https:\/\/ostrowskatv.pl\/index.php?rest_route=\/wp\/v2\/types\/post"}],"author":[{"embeddable":true,"href":"https:\/\/ostrowskatv.pl\/index.php?rest_route=\/wp\/v2\/users\/1"}],"replies":[{"embeddable":true,"href":"https:\/\/ostrowskatv.pl\/index.php?rest_route=%2Fwp%2Fv2%2Fcomments&post=10009"}],"version-history":[{"count":0,"href":"https:\/\/ostrowskatv.pl\/index.php?rest_route=\/wp\/v2\/posts\/10009\/revisions"}],"wp:featuredmedia":[{"embeddable":true,"href":"https:\/\/ostrowskatv.pl\/index.php?rest_route=\/wp\/v2\/media\/10011"}],"wp:attachment":[{"href":"https:\/\/ostrowskatv.pl\/index.php?rest_route=%2Fwp%2Fv2%2Fmedia&parent=10009"}],"wp:term":[{"taxonomy":"category","embeddable":true,"href":"https:\/\/ostrowskatv.pl\/index.php?rest_route=%2Fwp%2Fv2%2Fcategories&post=10009"},{"taxonomy":"post_tag","embeddable":true,"href":"https:\/\/ostrowskatv.pl\/index.php?rest_route=%2Fwp%2Fv2%2Ftags&post=10009"}],"curies":[{"name":"wp","href":"https:\/\/api.w.org\/{rel}","templated":true}]}}