{"id":10003,"date":"2019-07-28T07:02:32","date_gmt":"2019-07-28T06:02:32","guid":{"rendered":"http:\/\/ostrowska.tv\/?p=10003"},"modified":"2019-07-28T07:45:40","modified_gmt":"2019-07-28T06:45:40","slug":"seria-pijanych-kierowcow-jeden-z-nich-wjechal-w-audi-tt","status":"publish","type":"post","link":"https:\/\/ostrowskatv.pl\/?p=10003","title":{"rendered":"Seria pijanych kierowc\u00f3w. Jeden z nich wjecha\u0142 w Audi TT"},"content":{"rendered":"<p><strong>Pijani kierowcy wci\u0105\u017c stwarzaj\u0105 zagro\u017cenie na ulicach powiatu ostrowskiego. Tylko minionej nocy zatrzymano ich dw\u00f3ch. <\/strong><\/p>\n<p>Jeden Daewoo Matizem jecha\u0142 przez Strugi. Po zatrzymaniu wydmucha\u0142 2,5 promila.<\/p>\n<p>Chwil\u0119 p\u00f3\u017aniej inny nietrze\u017awy, kieruj\u0105c Oplem Astr\u0105, zderzy\u0142 si\u0119 z Audi TT na ul. Kaliskiej w Ostrowie Wlkp. Sprawca wydmucha\u0142 1,5 promila. Do zdarzenia dosz\u0142o okolo 5.30. Kierowca Astry pr\u00f3bowa\u0142 odjecha\u0107, ale zosta\u0142 zatrzymany.<\/p>\n<p>Natomiast przed godzin\u0105 8.00 zatrzymano kieruj\u0105cego Volkswagenem Golfem przy skrzy\u017cowaniu ulic Wroc\u0142awska i Po\u0142udniowa. Kierowca nie mia\u0142 uprawnie\u0144, a w dodatku pod wp\u0142ywem alkoholu. Wydmucha\u0142 0,3 promila.<\/p>\n<div id='gallery-1' class='gallery galleryid-10003 gallery-columns-3 gallery-size-thumbnail'><figure class='gallery-item'>\n\t\t\t<div class='gallery-icon landscape'>\n\t\t\t\t<a href='https:\/\/ostrowskatv.pl\/?attachment_id=10004'><img loading=\"lazy\" decoding=\"async\" width=\"150\" height=\"150\" src=\"https:\/\/ostrowskatv.pl\/wp-content\/uploads\/2019\/07\/IMG_20190728_071137-01-150x150.jpeg\" class=\"attachment-thumbnail size-thumbnail\" alt=\"\" \/><\/a>\n\t\t\t<\/div><\/figure><figure class='gallery-item'>\n\t\t\t<div class='gallery-icon landscape'>\n\t\t\t\t<a href='https:\/\/ostrowskatv.pl\/?attachment_id=10005'><img loading=\"lazy\" decoding=\"async\" width=\"150\" height=\"150\" src=\"https:\/\/ostrowskatv.pl\/wp-content\/uploads\/2019\/07\/IMG_20190728_070636-01-150x150.jpeg\" class=\"attachment-thumbnail size-thumbnail\" alt=\"\" \/><\/a>\n\t\t\t<\/div><\/figure><figure class='gallery-item'>\n\t\t\t<div class='gallery-icon landscape'>\n\t\t\t\t<a href='https:\/\/ostrowskatv.pl\/?attachment_id=10006'><img loading=\"lazy\" decoding=\"async\" width=\"150\" height=\"150\" src=\"https:\/\/ostrowskatv.pl\/wp-content\/uploads\/2019\/07\/IMG_20190728_070907-01-150x150.jpeg\" class=\"attachment-thumbnail size-thumbnail\" alt=\"\" \/><\/a>\n\t\t\t<\/div><\/figure>\n\t\t<\/div>\n\n","protected":false},"excerpt":{"rendered":"Pijani kierowcy wci\u0105\u017c stwarzaj\u0105 zagro\u017cenie na ulicach powiatu ostrowskiego. Tylko minionej nocy zatrzymano ich dw\u00f3ch. Jeden Daewoo Matizem jecha\u0142 przez Strugi. Po zatrzymaniu \n<a class=\"moretag\" href=\"https:\/\/ostrowskatv.pl\/?p=10003\"> [...]<\/a>","protected":false},"author":1,"featured_media":10006,"comment_status":"open","ping_status":"closed","sticky":false,"template":"","format":"standard","meta":{"footnotes":""},"categories":[1],"tags":[4],"class_list":["post-10003","post","type-post","status-publish","format-standard","has-post-thumbnail","hentry","category-news","tag-alkohol"],"_links":{"self":[{"href":"https:\/\/ostrowskatv.pl\/index.php?rest_route=\/wp\/v2\/posts\/10003","targetHints":{"allow":["GET"]}}],"collection":[{"href":"https:\/\/ostrowskatv.pl\/index.php?rest_route=\/wp\/v2\/posts"}],"about":[{"href":"https:\/\/ostrowskatv.pl\/index.php?rest_route=\/wp\/v2\/types\/post"}],"author":[{"embeddable":true,"href":"https:\/\/ostrowskatv.pl\/index.php?rest_route=\/wp\/v2\/users\/1"}],"replies":[{"embeddable":true,"href":"https:\/\/ostrowskatv.pl\/index.php?rest_route=%2Fwp%2Fv2%2Fcomments&post=10003"}],"version-history":[{"count":0,"href":"https:\/\/ostrowskatv.pl\/index.php?rest_route=\/wp\/v2\/posts\/10003\/revisions"}],"wp:featuredmedia":[{"embeddable":true,"href":"https:\/\/ostrowskatv.pl\/index.php?rest_route=\/wp\/v2\/media\/10006"}],"wp:attachment":[{"href":"https:\/\/ostrowskatv.pl\/index.php?rest_route=%2Fwp%2Fv2%2Fmedia&parent=10003"}],"wp:term":[{"taxonomy":"category","embeddable":true,"href":"https:\/\/ostrowskatv.pl\/index.php?rest_route=%2Fwp%2Fv2%2Fcategories&post=10003"},{"taxonomy":"post_tag","embeddable":true,"href":"https:\/\/ostrowskatv.pl\/index.php?rest_route=%2Fwp%2Fv2%2Ftags&post=10003"}],"curies":[{"name":"wp","href":"https:\/\/api.w.org\/{rel}","templated":true}]}}